{"id":131561,"date":"2026-05-01T19:34:22","date_gmt":"2026-05-02T01:34:22","guid":{"rendered":"https:\/\/rutavallesmata.mx\/nuevo\/?p=131561"},"modified":"2026-05-01T19:34:24","modified_gmt":"2026-05-02T01:34:24","slug":"manana-sabado-ferias-regionales-por-del-dia-de-las-madres-en-meoqui","status":"publish","type":"post","link":"https:\/\/rutavallesmata.mx\/nuevo\/2026\/05\/01\/manana-sabado-ferias-regionales-por-del-dia-de-las-madres-en-meoqui\/","title":{"rendered":"Ma\u00f1ana s\u00e1bado Ferias Regionales por del D\u00eda de las Madres en Meoqui"},"content":{"rendered":"\n<p><em>Con gran variedad de productos y ofertas, podr\u00e1n encontrar el regalo perfecto para mam\u00e1 a partir de las 10:00 a.m. en la Plaza Principal<\/em><\/p>\n\n\n\n<p>El Gobierno Municipal de Meoqui, a trav\u00e9s de la Direcci\u00f3n de Desarrollo Econ\u00f3mico y Turismo, invita a la ciudadan\u00eda a las Ferias Regionales, en el marco de la Gran Venta del D\u00eda de las Madres, que se llevar\u00e1 a cabo este s\u00e1bado 2 de mayo a partir de las 10:00 de la ma\u00f1ana en la Plaza Principal, esto gracias al apoyo de Gobierno del Estado, a trav\u00e9s de la Secretar\u00eda de Desarrollo Humano y Bien Com\u00fan.<\/p>\n\n\n\n<p>En este evento participar\u00e1n 47 productores, quienes ofrecer\u00e1n una amplia variedad de productos frescos, artesanales y 100% locales, con atractivas ofertas, ideales para encontrar el regalo perfecto para mam\u00e1.<\/p>\n\n\n\n<p>As\u00ed lo inform\u00f3 Alan Mata, director de Desarrollo Econ\u00f3mico y Turismo, quien destac\u00f3 que de manera simult\u00e1nea se realizar\u00e1n la Mega Venta por el D\u00eda de las Madres con comerciantes de la Zona Centro, donde participar\u00e1n m\u00e1s de 27 expositores.<\/p>\n\n\n\n<p>Asimismo, se\u00f1al\u00f3 que se trata de un evento totalmente familiar, donde adem\u00e1s de realizar compras, las y los asistentes podr\u00e1n disfrutar de un ambiente agradable con m\u00fasica, fomentando el consumo local y la convivencia.<\/p>\n\n\n\n<p>Finalmente, resalt\u00f3 que estas actividades forman parte de las encomiendas de la alcaldesa Miriam Soto, con el objetivo de brindar espacios a emprendedores y comerciantes del municipio, adem\u00e1s de impulsar la econom\u00eda familiar de las y los meoquenses.<\/p>\n\n\n\n<p><\/p>\n","protected":false},"excerpt":{"rendered":"<p>Con gran variedad de productos y ofertas, podr\u00e1n encontrar el regalo perfecto para mam\u00e1 a partir de las 10:00 a.m. en la Plaza Principal El Gobierno Municipal de Meoqui, a trav\u00e9s de la Direcci\u00f3n de Desarrollo Econ\u00f3mico y Turismo, invita a la ciudadan\u00eda a las Ferias Regionales, en el marco de la Gran Venta del [&hellip;]<\/p>\n","protected":false},"author":11,"featured_media":131562,"comment_status":"open","ping_status":"open","sticky":false,"template":"","format":"standard","meta":{"footnotes":""},"categories":[176],"tags":[],"class_list":{"0":"post-131561","1":"post","2":"type-post","3":"status-publish","4":"format-standard","5":"has-post-thumbnail","7":"category-locales"},"aioseo_notices":[],"_links":{"self":[{"href":"https:\/\/rutavallesmata.mx\/nuevo\/wp-json\/wp\/v2\/posts\/131561","targetHints":{"allow":["GET"]}}],"collection":[{"href":"https:\/\/rutavallesmata.mx\/nuevo\/wp-json\/wp\/v2\/posts"}],"about":[{"href":"https:\/\/rutavallesmata.mx\/nuevo\/wp-json\/wp\/v2\/types\/post"}],"author":[{"embeddable":true,"href":"https:\/\/rutavallesmata.mx\/nuevo\/wp-json\/wp\/v2\/users\/11"}],"replies":[{"embeddable":true,"href":"https:\/\/rutavallesmata.mx\/nuevo\/wp-json\/wp\/v2\/comments?post=131561"}],"version-history":[{"count":1,"href":"https:\/\/rutavallesmata.mx\/nuevo\/wp-json\/wp\/v2\/posts\/131561\/revisions"}],"predecessor-version":[{"id":131563,"href":"https:\/\/rutavallesmata.mx\/nuevo\/wp-json\/wp\/v2\/posts\/131561\/revisions\/131563"}],"wp:featuredmedia":[{"embeddable":true,"href":"https:\/\/rutavallesmata.mx\/nuevo\/wp-json\/wp\/v2\/media\/131562"}],"wp:attachment":[{"href":"https:\/\/rutavallesmata.mx\/nuevo\/wp-json\/wp\/v2\/media?parent=131561"}],"wp:term":[{"taxonomy":"category","embeddable":true,"href":"https:\/\/rutavallesmata.mx\/nuevo\/wp-json\/wp\/v2\/categories?post=131561"},{"taxonomy":"post_tag","embeddable":true,"href":"https:\/\/rutavallesmata.mx\/nuevo\/wp-json\/wp\/v2\/tags?post=131561"}],"curies":[{"name":"wp","href":"https:\/\/api.w.org\/{rel}","templated":true}]}}