{"id":131543,"date":"2026-04-30T18:21:16","date_gmt":"2026-05-01T00:21:16","guid":{"rendered":"https:\/\/rutavallesmata.mx\/nuevo\/?p=131543"},"modified":"2026-04-30T18:21:17","modified_gmt":"2026-05-01T00:21:17","slug":"amigos-de-cruz-perez-cuellar-llevan-festejo-del-dia-de-la-ninez-a-laderas-del-norte","status":"publish","type":"post","link":"https:\/\/rutavallesmata.mx\/nuevo\/2026\/04\/30\/amigos-de-cruz-perez-cuellar-llevan-festejo-del-dia-de-la-ninez-a-laderas-del-norte\/","title":{"rendered":"Amigos de Cruz P\u00e9rez Cu\u00e9llar llevan festejo del D\u00eda de la Ni\u00f1ez a Laderas del Norte"},"content":{"rendered":"\n<p>Ciudad Ju\u00e1rez, Chih.\u2013 En el marco del D\u00eda del Ni\u00f1o y la Ni\u00f1a, los amigos de <strong>Cruz P\u00e9rez Cu\u00e9llar<\/strong> realizaron una jornada de convivencia en <strong>Laderas del Norte<\/strong>, donde ni\u00f1as, ni\u00f1os y familias disfrutaron de un espacio de alegr\u00eda, diversi\u00f3n y cercan\u00eda.<\/p>\n\n\n\n<p>Durante el evento, los asistentes compartieron momentos especiales en un ambiente familiar, con actividades pensadas para celebrar la ilusi\u00f3n y la alegr\u00eda de la ni\u00f1ez.<\/p>\n\n\n\n<p>Los organizadores destacaron la importancia de cuidar estos espacios de convivencia, al se\u00f1alar que ver sonre\u00edr a ni\u00f1as y ni\u00f1os recuerda el valor de seguir impulsando esperanza desde la comunidad.<\/p>\n\n\n\n<p><\/p>\n","protected":false},"excerpt":{"rendered":"<p>Ciudad Ju\u00e1rez, Chih.\u2013 En el marco del D\u00eda del Ni\u00f1o y la Ni\u00f1a, los amigos de Cruz P\u00e9rez Cu\u00e9llar realizaron una jornada de convivencia en Laderas del Norte, donde ni\u00f1as, ni\u00f1os y familias disfrutaron de un espacio de alegr\u00eda, diversi\u00f3n y cercan\u00eda. Durante el evento, los asistentes compartieron momentos especiales en un ambiente familiar, con [&hellip;]<\/p>\n","protected":false},"author":11,"featured_media":131544,"comment_status":"open","ping_status":"open","sticky":false,"template":"","format":"standard","meta":{"footnotes":""},"categories":[176],"tags":[],"class_list":{"0":"post-131543","1":"post","2":"type-post","3":"status-publish","4":"format-standard","5":"has-post-thumbnail","7":"category-locales"},"aioseo_notices":[],"_links":{"self":[{"href":"https:\/\/rutavallesmata.mx\/nuevo\/wp-json\/wp\/v2\/posts\/131543","targetHints":{"allow":["GET"]}}],"collection":[{"href":"https:\/\/rutavallesmata.mx\/nuevo\/wp-json\/wp\/v2\/posts"}],"about":[{"href":"https:\/\/rutavallesmata.mx\/nuevo\/wp-json\/wp\/v2\/types\/post"}],"author":[{"embeddable":true,"href":"https:\/\/rutavallesmata.mx\/nuevo\/wp-json\/wp\/v2\/users\/11"}],"replies":[{"embeddable":true,"href":"https:\/\/rutavallesmata.mx\/nuevo\/wp-json\/wp\/v2\/comments?post=131543"}],"version-history":[{"count":1,"href":"https:\/\/rutavallesmata.mx\/nuevo\/wp-json\/wp\/v2\/posts\/131543\/revisions"}],"predecessor-version":[{"id":131545,"href":"https:\/\/rutavallesmata.mx\/nuevo\/wp-json\/wp\/v2\/posts\/131543\/revisions\/131545"}],"wp:featuredmedia":[{"embeddable":true,"href":"https:\/\/rutavallesmata.mx\/nuevo\/wp-json\/wp\/v2\/media\/131544"}],"wp:attachment":[{"href":"https:\/\/rutavallesmata.mx\/nuevo\/wp-json\/wp\/v2\/media?parent=131543"}],"wp:term":[{"taxonomy":"category","embeddable":true,"href":"https:\/\/rutavallesmata.mx\/nuevo\/wp-json\/wp\/v2\/categories?post=131543"},{"taxonomy":"post_tag","embeddable":true,"href":"https:\/\/rutavallesmata.mx\/nuevo\/wp-json\/wp\/v2\/tags?post=131543"}],"curies":[{"name":"wp","href":"https:\/\/api.w.org\/{rel}","templated":true}]}}