{"id":131530,"date":"2026-04-29T19:04:15","date_gmt":"2026-04-30T01:04:15","guid":{"rendered":"https:\/\/rutavallesmata.mx\/nuevo\/?p=131530"},"modified":"2026-04-29T19:04:16","modified_gmt":"2026-04-30T01:04:16","slug":"escuelas-en-alerta-11-planteles-activan-protocolos-en-la-region-centro-sur","status":"publish","type":"post","link":"https:\/\/rutavallesmata.mx\/nuevo\/2026\/04\/29\/escuelas-en-alerta-11-planteles-activan-protocolos-en-la-region-centro-sur\/","title":{"rendered":"ESCUELAS EN ALERTA: 11 PLANTELES ACTIVAN PROTOCOLOS EN LA REGI\u00d3N CENTRO-SUR"},"content":{"rendered":"\n<p>Delicias, Chih.\u2013 Las amenazas difundidas en redes sociales y los llamados \u201cretos virales\u201d ya encendieron las alertas en la regi\u00f3n centro-sur del estado, donde <strong>11 escuelas han sido intervenidas bajo protocolos de seguridad escolar<\/strong>, confirm\u00f3 en entrevista exclusiva el coordinador regional de Educaci\u00f3n, <strong>profesor Ricardo Robles<\/strong>.<\/p>\n\n\n\n<p>Robles inform\u00f3 que, por instrucciones de la gobernadora <strong>Maru Campos<\/strong> y del secretario de Educaci\u00f3n, se realiz\u00f3 una reuni\u00f3n regional para atender este fen\u00f3meno que ha comenzado a circular principalmente en plataformas como <strong>TikTok<\/strong>, con im\u00e1genes y mensajes relacionados con supuestos ataques o tiroteos en planteles.<\/p>\n\n\n\n<p>El coordinador fue claro al se\u00f1alar que el objetivo es <strong>salvaguardar la integridad de estudiantes, directivos, docentes, personal administrativo y toda la comunidad escolar<\/strong>, por lo que se mantiene vigilancia permanente en coordinaci\u00f3n con instituciones de los tres \u00f3rdenes de gobierno.<\/p>\n\n\n\n<p>En la reuni\u00f3n participaron autoridades de Seguridad P\u00fablica de <strong>San Francisco de Conchos, Camargo, La Cruz, Saucillo, Delicias, Rosales, Julimes y Meoqui<\/strong>, adem\u00e1s de representantes de <strong>Derechos Humanos<\/strong>, coordinaciones educativas estatales y federales, as\u00ed como sindicatos de maestros.<\/p>\n\n\n\n<p>Robles subray\u00f3 que no se trata de minimizar ning\u00fan mensaje, pues cualquier amenaza puede representar un riesgo.<\/p>\n\n\n\n<p>\u201c<strong>No hay riesgo peque\u00f1o, no hay amenaza peque\u00f1a. Toda amenaza es potencial y debe ser atendida con la importancia que requiere<\/strong>\u201d, expres\u00f3.<\/p>\n\n\n\n<p>El funcionario explic\u00f3 que el protocolo de intervenci\u00f3n no consiste \u00fanicamente en revisar mochilas. Tambi\u00e9n contempla revisi\u00f3n de personas que ingresan o salen de las instituciones, verificaci\u00f3n de instalaciones, presencia de binomios caninos, grupos operativos de respuesta y \u00e1reas de inteligencia en seguridad.<\/p>\n\n\n\n<p>Estas acciones se han aplicado en escuelas se\u00f1aladas, pero tambi\u00e9n de manera aleatoria en otros planteles de la regi\u00f3n, con el objetivo de reforzar la prevenci\u00f3n y generar tranquilidad entre padres de familia, estudiantes y maestros.<\/p>\n\n\n\n<p>Asimismo, Ricardo Robles hizo un llamado urgente a madres, padres, tutores y cuidadores para participar desde casa, mediante la revisi\u00f3n peri\u00f3dica de mochilas, mayor cercan\u00eda con sus hijos, di\u00e1logo constante y vigilancia sobre el uso responsable de redes sociales.<\/p>\n\n\n\n<p>Se\u00f1al\u00f3 que muchas de estas conductas surgen de din\u00e1micas digitales irresponsables que los j\u00f3venes replican sin dimensionar el impacto que generan en la comunidad escolar.<\/p>\n\n\n\n<p>El coordinador regional destac\u00f3 que la seguridad de ni\u00f1as, ni\u00f1os, adolescentes y j\u00f3venes es una responsabilidad compartida entre escuela, familia, sociedad y autoridades.<\/p>\n\n\n\n<p>Finalmente, agradeci\u00f3 la participaci\u00f3n de directivos, corporaciones de seguridad y medios de comunicaci\u00f3n, al se\u00f1alar que la informaci\u00f3n veraz es clave para evitar rumores, mantener la calma y atender con responsabilidad una problem\u00e1tica que ha comenzado a crecer en distintos planteles.<\/p>\n\n\n\n<p>Robles reiter\u00f3 que las escuelas deben seguir siendo espacios de crecimiento, desarrollo y seguridad para los estudiantes.<\/p>\n\n\n\n<p><\/p>\n","protected":false},"excerpt":{"rendered":"<p>Delicias, Chih.\u2013 Las amenazas difundidas en redes sociales y los llamados \u201cretos virales\u201d ya encendieron las alertas en la regi\u00f3n centro-sur del estado, donde 11 escuelas han sido intervenidas bajo protocolos de seguridad escolar, confirm\u00f3 en entrevista exclusiva el coordinador regional de Educaci\u00f3n, profesor Ricardo Robles. Robles inform\u00f3 que, por instrucciones de la gobernadora Maru [&hellip;]<\/p>\n","protected":false},"author":11,"featured_media":131531,"comment_status":"open","ping_status":"open","sticky":false,"template":"","format":"standard","meta":{"footnotes":""},"categories":[176],"tags":[],"class_list":{"0":"post-131530","1":"post","2":"type-post","3":"status-publish","4":"format-standard","5":"has-post-thumbnail","7":"category-locales"},"aioseo_notices":[],"_links":{"self":[{"href":"https:\/\/rutavallesmata.mx\/nuevo\/wp-json\/wp\/v2\/posts\/131530","targetHints":{"allow":["GET"]}}],"collection":[{"href":"https:\/\/rutavallesmata.mx\/nuevo\/wp-json\/wp\/v2\/posts"}],"about":[{"href":"https:\/\/rutavallesmata.mx\/nuevo\/wp-json\/wp\/v2\/types\/post"}],"author":[{"embeddable":true,"href":"https:\/\/rutavallesmata.mx\/nuevo\/wp-json\/wp\/v2\/users\/11"}],"replies":[{"embeddable":true,"href":"https:\/\/rutavallesmata.mx\/nuevo\/wp-json\/wp\/v2\/comments?post=131530"}],"version-history":[{"count":1,"href":"https:\/\/rutavallesmata.mx\/nuevo\/wp-json\/wp\/v2\/posts\/131530\/revisions"}],"predecessor-version":[{"id":131532,"href":"https:\/\/rutavallesmata.mx\/nuevo\/wp-json\/wp\/v2\/posts\/131530\/revisions\/131532"}],"wp:featuredmedia":[{"embeddable":true,"href":"https:\/\/rutavallesmata.mx\/nuevo\/wp-json\/wp\/v2\/media\/131531"}],"wp:attachment":[{"href":"https:\/\/rutavallesmata.mx\/nuevo\/wp-json\/wp\/v2\/media?parent=131530"}],"wp:term":[{"taxonomy":"category","embeddable":true,"href":"https:\/\/rutavallesmata.mx\/nuevo\/wp-json\/wp\/v2\/categories?post=131530"},{"taxonomy":"post_tag","embeddable":true,"href":"https:\/\/rutavallesmata.mx\/nuevo\/wp-json\/wp\/v2\/tags?post=131530"}],"curies":[{"name":"wp","href":"https:\/\/api.w.org\/{rel}","templated":true}]}}