{"id":131521,"date":"2026-04-29T16:55:26","date_gmt":"2026-04-29T22:55:26","guid":{"rendered":"https:\/\/rutavallesmata.mx\/nuevo\/?p=131521"},"modified":"2026-04-29T16:55:27","modified_gmt":"2026-04-29T22:55:27","slug":"mas-de-70-productores-y-comerciantes-en-la-a-gran-venta-por-el-dia-de-las-madres-en-meoqui","status":"publish","type":"post","link":"https:\/\/rutavallesmata.mx\/nuevo\/2026\/04\/29\/mas-de-70-productores-y-comerciantes-en-la-a-gran-venta-por-el-dia-de-las-madres-en-meoqui\/","title":{"rendered":"M\u00e1s de 70 productores y comerciantes en la a Gran Venta por el D\u00eda de las Madres en Meoqui"},"content":{"rendered":"\n<p><em>Este 2 de mayo ofrecer\u00e1n regalos, promociones y productos locales en la zona centro<\/em><\/p>\n\n\n\n<p>Con el objetivo de impulsar la econom\u00eda local y ofrecer opciones accesibles para celebrar a mam\u00e1, el Gobierno Municipal de Meoqui, a trav\u00e9s de la direcci\u00f3n de Desarrollo Econ\u00f3mico y Turismo, invita a la ciudadan\u00eda a la Gran Venta por el D\u00eda de las Madres, que se llevar\u00e1 a cabo este s\u00e1bado 2 de mayo en la zona centro, As\u00ed lo inform\u00f3 el director de Desarrollo Econ\u00f3mico y Turismo, Alan Mata, quien destac\u00f3 que en este evento participar\u00e1n 27 comerciantes y 47 expositores, sumando m\u00e1s de 70 productores locales que estar\u00e1n ofertando una amplia variedad de art\u00edculos ideales para regalar en esta fecha especial.<\/p>\n\n\n\n<p>\u201cEs una encomienda de nuestra alcaldesa, la arquitecta Miriam Soto, el poder impulsar la econom\u00eda de la zona centro de Meoqui, adem\u00e1s de brindar a las familias opciones para adquirir el regalo para mam\u00e1\u201d, asimismo, coment\u00f3 que durante esta gran venta los asistentes podr\u00e1n encontrar promociones y ofertas especiales, as\u00ed como una gran diversidad de productos que van desde decoraci\u00f3n para el hogar, art\u00edculos de belleza y muchos m\u00e1s elaborados por manos locales.<\/p>\n\n\n\n<p>Finalmente, Alan Mata hizo una invitaci\u00f3n a la ciudadan\u00eda para que acudan, conozcan y consuman productos hechos en Meoqui, apoyando as\u00ed a los emprendedores y fortaleciendo la econom\u00eda del municipio.<\/p>\n\n\n\n<p><\/p>\n","protected":false},"excerpt":{"rendered":"<p>Este 2 de mayo ofrecer\u00e1n regalos, promociones y productos locales en la zona centro Con el objetivo de impulsar la econom\u00eda local y ofrecer opciones accesibles para celebrar a mam\u00e1, el Gobierno Municipal de Meoqui, a trav\u00e9s de la direcci\u00f3n de Desarrollo Econ\u00f3mico y Turismo, invita a la ciudadan\u00eda a la Gran Venta por el [&hellip;]<\/p>\n","protected":false},"author":11,"featured_media":131522,"comment_status":"open","ping_status":"open","sticky":false,"template":"","format":"standard","meta":{"footnotes":""},"categories":[176],"tags":[],"class_list":{"0":"post-131521","1":"post","2":"type-post","3":"status-publish","4":"format-standard","5":"has-post-thumbnail","7":"category-locales"},"aioseo_notices":[],"_links":{"self":[{"href":"https:\/\/rutavallesmata.mx\/nuevo\/wp-json\/wp\/v2\/posts\/131521","targetHints":{"allow":["GET"]}}],"collection":[{"href":"https:\/\/rutavallesmata.mx\/nuevo\/wp-json\/wp\/v2\/posts"}],"about":[{"href":"https:\/\/rutavallesmata.mx\/nuevo\/wp-json\/wp\/v2\/types\/post"}],"author":[{"embeddable":true,"href":"https:\/\/rutavallesmata.mx\/nuevo\/wp-json\/wp\/v2\/users\/11"}],"replies":[{"embeddable":true,"href":"https:\/\/rutavallesmata.mx\/nuevo\/wp-json\/wp\/v2\/comments?post=131521"}],"version-history":[{"count":1,"href":"https:\/\/rutavallesmata.mx\/nuevo\/wp-json\/wp\/v2\/posts\/131521\/revisions"}],"predecessor-version":[{"id":131523,"href":"https:\/\/rutavallesmata.mx\/nuevo\/wp-json\/wp\/v2\/posts\/131521\/revisions\/131523"}],"wp:featuredmedia":[{"embeddable":true,"href":"https:\/\/rutavallesmata.mx\/nuevo\/wp-json\/wp\/v2\/media\/131522"}],"wp:attachment":[{"href":"https:\/\/rutavallesmata.mx\/nuevo\/wp-json\/wp\/v2\/media?parent=131521"}],"wp:term":[{"taxonomy":"category","embeddable":true,"href":"https:\/\/rutavallesmata.mx\/nuevo\/wp-json\/wp\/v2\/categories?post=131521"},{"taxonomy":"post_tag","embeddable":true,"href":"https:\/\/rutavallesmata.mx\/nuevo\/wp-json\/wp\/v2\/tags?post=131521"}],"curies":[{"name":"wp","href":"https:\/\/api.w.org\/{rel}","templated":true}]}}