{"id":131448,"date":"2026-04-27T19:44:24","date_gmt":"2026-04-28T01:44:24","guid":{"rendered":"https:\/\/rutavallesmata.mx\/nuevo\/?p=131448"},"modified":"2026-04-27T19:44:26","modified_gmt":"2026-04-28T01:44:26","slug":"anunciaria-hoy-jauregui-su-renuncia-a-la-fiscalia-general-del-estado","status":"publish","type":"post","link":"https:\/\/rutavallesmata.mx\/nuevo\/2026\/04\/27\/anunciaria-hoy-jauregui-su-renuncia-a-la-fiscalia-general-del-estado\/","title":{"rendered":"Anunciar\u00eda hoy J\u00e1uregui su renuncia a la Fiscal\u00eda General del Estado"},"content":{"rendered":"\n<p><br>TOMADA DE TIEMPO LA NOTICIA DIGITAL<\/p>\n\n\n\n<p>Este lunes trascendi\u00f3 la renuncia de C\u00e9sar J\u00e1uregui como fiscal general del estado de Chihuahua, cargo que ocupaba desde enero de 2023, en medio de la crisis entre el Gobierno del Estado y Federaci\u00f3n tras el fallecimiento de dos agentes de la Embajada de Estados Unidos durante un operativo en el municipio serrano de Morelos.<\/p>\n\n\n\n<p>Hoy por la ma\u00f1ana, las versiones cobraron fuerza luego de que durante la reuni\u00f3n de seguridad celebrada en Palacio de Gobierno, no se observ\u00f3 su presencia e incluso, envi\u00f3 a un representante, a diferencia de otros funcionarios del gabinete estatal que s\u00ed asistieron, como el secretario de Seguridad P\u00fablica, Gilberto Loya, y el secretario General de Gobierno, Santiago De La Pe\u00f1a.<\/p>\n\n\n\n<p>Durante esta tarde-noche, se dar\u00e1 una conferencia por parte de Wendy Ch\u00e1vez, sin embargo, no se ha oficializado si notificar\u00e1 ah\u00ed sobre la renuncia de J\u00e1uregui o ser\u00e1 en el transcurso de las horas.<\/p>\n\n\n\n<p>De acuerdo con fuentes que revelaron la informaci\u00f3n a tiempo.com.mx, la gobernadora Maru Campos Galv\u00e1n habr\u00eda tomado la decisi\u00f3n de solicitar la renuncia al fiscal tras la reuni\u00f3n que sostuvo el jueves pasado con el secretario de Seguridad P\u00fablica y Protecci\u00f3n Ciudadana del gobierno federal, Omar Garc\u00eda Harfuch, encuentro que se produjo en el contexto de la tensi\u00f3n generada entre el gobierno estatal y las autoridades federales por el incidente.<\/p>\n\n\n\n<p>Los dos agentes de la Embajada estadounidense, as\u00ed como dos agentes de la Fiscal\u00eda fallecieron cuando regresaban del operativo en el que autoridades desmantelaron un narcolaboratorio en la sierra chihuahuense, hecho que deriv\u00f3 en una crisis en la relaci\u00f3n entre el estado y la Federaci\u00f3n.<\/p>\n\n\n\n<p>El viernes, la mandataria estatal anunci\u00f3 p\u00fablicamente que Wendy Ch\u00e1vez, titular de la Fiscal\u00eda de la Mujer, encabezar\u00e1 una nueva unidad encargada de investigar el caso y determinar si la Fiscal\u00eda General del Estado actu\u00f3 de manera irregular en relaci\u00f3n con ese narcolaboratorio.<\/p>\n\n\n\n<p><\/p>\n","protected":false},"excerpt":{"rendered":"<p>TOMADA DE TIEMPO LA NOTICIA DIGITAL Este lunes trascendi\u00f3 la renuncia de C\u00e9sar J\u00e1uregui como fiscal general del estado de Chihuahua, cargo que ocupaba desde enero de 2023, en medio de la crisis entre el Gobierno del Estado y Federaci\u00f3n tras el fallecimiento de dos agentes de la Embajada de Estados Unidos durante un operativo [&hellip;]<\/p>\n","protected":false},"author":11,"featured_media":131449,"comment_status":"open","ping_status":"open","sticky":false,"template":"","format":"standard","meta":{"footnotes":""},"categories":[177],"tags":[],"class_list":{"0":"post-131448","1":"post","2":"type-post","3":"status-publish","4":"format-standard","5":"has-post-thumbnail","7":"category-estatales"},"aioseo_notices":[],"_links":{"self":[{"href":"https:\/\/rutavallesmata.mx\/nuevo\/wp-json\/wp\/v2\/posts\/131448","targetHints":{"allow":["GET"]}}],"collection":[{"href":"https:\/\/rutavallesmata.mx\/nuevo\/wp-json\/wp\/v2\/posts"}],"about":[{"href":"https:\/\/rutavallesmata.mx\/nuevo\/wp-json\/wp\/v2\/types\/post"}],"author":[{"embeddable":true,"href":"https:\/\/rutavallesmata.mx\/nuevo\/wp-json\/wp\/v2\/users\/11"}],"replies":[{"embeddable":true,"href":"https:\/\/rutavallesmata.mx\/nuevo\/wp-json\/wp\/v2\/comments?post=131448"}],"version-history":[{"count":1,"href":"https:\/\/rutavallesmata.mx\/nuevo\/wp-json\/wp\/v2\/posts\/131448\/revisions"}],"predecessor-version":[{"id":131450,"href":"https:\/\/rutavallesmata.mx\/nuevo\/wp-json\/wp\/v2\/posts\/131448\/revisions\/131450"}],"wp:featuredmedia":[{"embeddable":true,"href":"https:\/\/rutavallesmata.mx\/nuevo\/wp-json\/wp\/v2\/media\/131449"}],"wp:attachment":[{"href":"https:\/\/rutavallesmata.mx\/nuevo\/wp-json\/wp\/v2\/media?parent=131448"}],"wp:term":[{"taxonomy":"category","embeddable":true,"href":"https:\/\/rutavallesmata.mx\/nuevo\/wp-json\/wp\/v2\/categories?post=131448"},{"taxonomy":"post_tag","embeddable":true,"href":"https:\/\/rutavallesmata.mx\/nuevo\/wp-json\/wp\/v2\/tags?post=131448"}],"curies":[{"name":"wp","href":"https:\/\/api.w.org\/{rel}","templated":true}]}}