{"id":131431,"date":"2026-04-27T17:50:26","date_gmt":"2026-04-27T23:50:26","guid":{"rendered":"https:\/\/rutavallesmata.mx\/nuevo\/?p=131431"},"modified":"2026-04-27T17:50:28","modified_gmt":"2026-04-27T23:50:28","slug":"crean-coordinacion-de-inteligencia-estrategica-en-delicias-edgar-rodriguez-garza-estara-al-frente","status":"publish","type":"post","link":"https:\/\/rutavallesmata.mx\/nuevo\/2026\/04\/27\/crean-coordinacion-de-inteligencia-estrategica-en-delicias-edgar-rodriguez-garza-estara-al-frente\/","title":{"rendered":"Crean Coordinaci\u00f3n de Inteligencia Estrat\u00e9gica en Delicias; Edgar Rodr\u00edguez Garza estar\u00e1 al frente"},"content":{"rendered":"\n<p>Delicias, Chih.\u2013 El comandante <strong>V\u00edctor Hugo Soto<\/strong> dio a conocer la creaci\u00f3n de la <strong>Coordinaci\u00f3n de Inteligencia Estrat\u00e9gica y Operaciones Especializadas<\/strong>, una nueva \u00e1rea dentro de la estrategia de seguridad p\u00fablica municipal que ser\u00e1 encabezada por el polic\u00eda tercero <strong>Edgar Rodr\u00edguez Garza<\/strong>.<\/p>\n\n\n\n<p>De acuerdo con lo informado, esta coordinaci\u00f3n tendr\u00e1 a su cargo la integraci\u00f3n de funciones relacionadas con <strong>inteligencia, seguimiento, investigaci\u00f3n y prevenci\u00f3n del delito<\/strong>, adem\u00e1s de incorporar herramientas como el uso de <strong>drones<\/strong> para reforzar tareas de vigilancia y monitoreo.<\/p>\n\n\n\n<p>La intenci\u00f3n es contar con una estructura m\u00e1s ordenada para detectar zonas de riesgo, generar diagn\u00f3sticos y definir acciones concretas conforme surjan nuevas necesidades en distintos puntos de la ciudad.<\/p>\n\n\n\n<p>Entre los alcances planteados se encuentran programas de patrullaje, esquemas de prevenci\u00f3n y el dise\u00f1o de pol\u00edticas orientadas a fortalecer la seguridad en sectores espec\u00edficos.<\/p>\n\n\n\n<p>Tambi\u00e9n se indic\u00f3 que esta nueva \u00e1rea buscar\u00e1 aplicar t\u00e1cticas distintas para enfrentar delitos como <strong>robos y ri\u00f1as<\/strong>, as\u00ed como atender situaciones que puedan presentarse en entornos escolares.<\/p>\n\n\n\n<p>Con esta reorganizaci\u00f3n, la corporaci\u00f3n apuesta por un modelo m\u00e1s especializado en la planeaci\u00f3n y ejecuci\u00f3n de operativos de seguridad.<\/p>\n\n\n\n<p><\/p>\n","protected":false},"excerpt":{"rendered":"<p>Delicias, Chih.\u2013 El comandante V\u00edctor Hugo Soto dio a conocer la creaci\u00f3n de la Coordinaci\u00f3n de Inteligencia Estrat\u00e9gica y Operaciones Especializadas, una nueva \u00e1rea dentro de la estrategia de seguridad p\u00fablica municipal que ser\u00e1 encabezada por el polic\u00eda tercero Edgar Rodr\u00edguez Garza. De acuerdo con lo informado, esta coordinaci\u00f3n tendr\u00e1 a su cargo la integraci\u00f3n [&hellip;]<\/p>\n","protected":false},"author":11,"featured_media":131432,"comment_status":"open","ping_status":"open","sticky":false,"template":"","format":"standard","meta":{"footnotes":""},"categories":[176],"tags":[],"class_list":{"0":"post-131431","1":"post","2":"type-post","3":"status-publish","4":"format-standard","5":"has-post-thumbnail","7":"category-locales"},"aioseo_notices":[],"_links":{"self":[{"href":"https:\/\/rutavallesmata.mx\/nuevo\/wp-json\/wp\/v2\/posts\/131431","targetHints":{"allow":["GET"]}}],"collection":[{"href":"https:\/\/rutavallesmata.mx\/nuevo\/wp-json\/wp\/v2\/posts"}],"about":[{"href":"https:\/\/rutavallesmata.mx\/nuevo\/wp-json\/wp\/v2\/types\/post"}],"author":[{"embeddable":true,"href":"https:\/\/rutavallesmata.mx\/nuevo\/wp-json\/wp\/v2\/users\/11"}],"replies":[{"embeddable":true,"href":"https:\/\/rutavallesmata.mx\/nuevo\/wp-json\/wp\/v2\/comments?post=131431"}],"version-history":[{"count":1,"href":"https:\/\/rutavallesmata.mx\/nuevo\/wp-json\/wp\/v2\/posts\/131431\/revisions"}],"predecessor-version":[{"id":131433,"href":"https:\/\/rutavallesmata.mx\/nuevo\/wp-json\/wp\/v2\/posts\/131431\/revisions\/131433"}],"wp:featuredmedia":[{"embeddable":true,"href":"https:\/\/rutavallesmata.mx\/nuevo\/wp-json\/wp\/v2\/media\/131432"}],"wp:attachment":[{"href":"https:\/\/rutavallesmata.mx\/nuevo\/wp-json\/wp\/v2\/media?parent=131431"}],"wp:term":[{"taxonomy":"category","embeddable":true,"href":"https:\/\/rutavallesmata.mx\/nuevo\/wp-json\/wp\/v2\/categories?post=131431"},{"taxonomy":"post_tag","embeddable":true,"href":"https:\/\/rutavallesmata.mx\/nuevo\/wp-json\/wp\/v2\/tags?post=131431"}],"curies":[{"name":"wp","href":"https:\/\/api.w.org\/{rel}","templated":true}]}}