{"id":131419,"date":"2026-04-27T15:37:50","date_gmt":"2026-04-27T21:37:50","guid":{"rendered":"https:\/\/rutavallesmata.mx\/nuevo\/?p=131419"},"modified":"2026-04-27T15:37:52","modified_gmt":"2026-04-27T21:37:52","slug":"mario-mata-llevara-festejo-del-dia-de-la-ninez-a-la-colonia-revolucion","status":"publish","type":"post","link":"https:\/\/rutavallesmata.mx\/nuevo\/2026\/04\/27\/mario-mata-llevara-festejo-del-dia-de-la-ninez-a-la-colonia-revolucion\/","title":{"rendered":"Mario Mata llevar\u00e1 festejo del D\u00eda de la Ni\u00f1ez a la colonia Revoluci\u00f3n"},"content":{"rendered":"\n<p>Delicias, Chih.\u2013 El regidor <strong>Mario Mata<\/strong> anunci\u00f3 una nueva actividad con motivo del <strong>D\u00eda de la Ni\u00f1ez<\/strong>, ahora en la <strong>colonia Revoluci\u00f3n<\/strong>, como parte de una serie de eventos recientes en distintos sectores de la ciudad. En d\u00edas pasados ya hab\u00eda encabezado festejos similares en colonias como Montealb\u00e1n y Lotes Urbanos. &nbsp;<\/p>\n\n\n\n<p>De acuerdo con la invitaci\u00f3n difundida, el encuentro se realizar\u00e1 el <strong>mi\u00e9rcoles 29 de abril a las 5:30 de la tarde<\/strong> en la plaza ubicada sobre <strong>avenida Batalla de la Sierra del Ajusco y G\u00f3mez Palacio<\/strong>, donde se contempla un ambiente familiar con <strong>payaso, m\u00fasica, regalos, dulces y sorpresas<\/strong>. La imagen promocional tambi\u00e9n anuncia la venta de <strong>frijol a 15 pesos el kilo<\/strong> y <strong>huevo a 50 pesos la cartera<\/strong>. La actividad sigue el mismo formato de apoyos y convivencia comunitaria que ya se ha promovido en otros puntos de Delicias. &nbsp;<\/p>\n\n\n\n<p>Con este evento, Mario Mata mantiene su presencia territorial en colonias de Delicias mediante festejos infantiles y esquemas de apoyo alimentario subsidiado, una din\u00e1mica que ya ha sido replicada en otras convocatorias recientes.&nbsp;<\/p>\n\n\n\n<p><\/p>\n","protected":false},"excerpt":{"rendered":"<p>Delicias, Chih.\u2013 El regidor Mario Mata anunci\u00f3 una nueva actividad con motivo del D\u00eda de la Ni\u00f1ez, ahora en la colonia Revoluci\u00f3n, como parte de una serie de eventos recientes en distintos sectores de la ciudad. En d\u00edas pasados ya hab\u00eda encabezado festejos similares en colonias como Montealb\u00e1n y Lotes Urbanos. &nbsp; De acuerdo con [&hellip;]<\/p>\n","protected":false},"author":11,"featured_media":131420,"comment_status":"open","ping_status":"open","sticky":false,"template":"","format":"standard","meta":{"footnotes":""},"categories":[176],"tags":[],"class_list":{"0":"post-131419","1":"post","2":"type-post","3":"status-publish","4":"format-standard","5":"has-post-thumbnail","7":"category-locales"},"aioseo_notices":[],"_links":{"self":[{"href":"https:\/\/rutavallesmata.mx\/nuevo\/wp-json\/wp\/v2\/posts\/131419","targetHints":{"allow":["GET"]}}],"collection":[{"href":"https:\/\/rutavallesmata.mx\/nuevo\/wp-json\/wp\/v2\/posts"}],"about":[{"href":"https:\/\/rutavallesmata.mx\/nuevo\/wp-json\/wp\/v2\/types\/post"}],"author":[{"embeddable":true,"href":"https:\/\/rutavallesmata.mx\/nuevo\/wp-json\/wp\/v2\/users\/11"}],"replies":[{"embeddable":true,"href":"https:\/\/rutavallesmata.mx\/nuevo\/wp-json\/wp\/v2\/comments?post=131419"}],"version-history":[{"count":1,"href":"https:\/\/rutavallesmata.mx\/nuevo\/wp-json\/wp\/v2\/posts\/131419\/revisions"}],"predecessor-version":[{"id":131421,"href":"https:\/\/rutavallesmata.mx\/nuevo\/wp-json\/wp\/v2\/posts\/131419\/revisions\/131421"}],"wp:featuredmedia":[{"embeddable":true,"href":"https:\/\/rutavallesmata.mx\/nuevo\/wp-json\/wp\/v2\/media\/131420"}],"wp:attachment":[{"href":"https:\/\/rutavallesmata.mx\/nuevo\/wp-json\/wp\/v2\/media?parent=131419"}],"wp:term":[{"taxonomy":"category","embeddable":true,"href":"https:\/\/rutavallesmata.mx\/nuevo\/wp-json\/wp\/v2\/categories?post=131419"},{"taxonomy":"post_tag","embeddable":true,"href":"https:\/\/rutavallesmata.mx\/nuevo\/wp-json\/wp\/v2\/tags?post=131419"}],"curies":[{"name":"wp","href":"https:\/\/api.w.org\/{rel}","templated":true}]}}