{"id":131410,"date":"2026-04-26T14:41:17","date_gmt":"2026-04-26T20:41:17","guid":{"rendered":"https:\/\/rutavallesmata.mx\/nuevo\/?p=131410"},"modified":"2026-04-26T14:41:18","modified_gmt":"2026-04-26T20:41:18","slug":"incendio-en-recicladora-del-sur-de-chihuahua-moviliza-a-cuerpos-de-emergencia","status":"publish","type":"post","link":"https:\/\/rutavallesmata.mx\/nuevo\/2026\/04\/26\/incendio-en-recicladora-del-sur-de-chihuahua-moviliza-a-cuerpos-de-emergencia\/","title":{"rendered":"Incendio en recicladora del sur de Chihuahua moviliza a cuerpos de emergencia"},"content":{"rendered":"\n<p>Chihuahua, Chih.\u2013 Un incendio de gran magnitud se registr\u00f3 en una recicladora ubicada sobre el bulevar Juan Pablo II, al sur de la ciudad, lo que provoc\u00f3 una fuerte movilizaci\u00f3n de cuerpos de emergencia y alarma entre vecinos y automovilistas de la zona. Las llamas alcanzaron gran altura y generaron una columna de humo visible desde distintos puntos de la capital. &nbsp;<\/p>\n\n\n\n<p>Tras los primeros reportes ciudadanos, elementos de la Polic\u00eda Municipal acudieron para acordonar el \u00e1rea y facilitar el ingreso de las unidades de auxilio, mientras personal del Cuerpo de Bomberos inici\u00f3 las maniobras para contener el fuego dentro del predio. Autoridades no reportaban personas lesionadas hasta el momento de la publicaci\u00f3n. &nbsp;<\/p>\n\n\n\n<p>El siniestro gener\u00f3 preocupaci\u00f3n entre habitantes del sector por el riesgo de propagaci\u00f3n hacia predios cercanos, adem\u00e1s de afectaciones a la circulaci\u00f3n vehicular en esa zona del sur de la ciudad. Las autoridades continuaban con las labores para sofocar por completo el incendio y evaluar los da\u00f1os.<\/p>\n\n\n\n<p><\/p>\n","protected":false},"excerpt":{"rendered":"<p>Chihuahua, Chih.\u2013 Un incendio de gran magnitud se registr\u00f3 en una recicladora ubicada sobre el bulevar Juan Pablo II, al sur de la ciudad, lo que provoc\u00f3 una fuerte movilizaci\u00f3n de cuerpos de emergencia y alarma entre vecinos y automovilistas de la zona. Las llamas alcanzaron gran altura y generaron una columna de humo visible [&hellip;]<\/p>\n","protected":false},"author":11,"featured_media":131411,"comment_status":"open","ping_status":"open","sticky":false,"template":"","format":"standard","meta":{"footnotes":""},"categories":[177],"tags":[],"class_list":{"0":"post-131410","1":"post","2":"type-post","3":"status-publish","4":"format-standard","5":"has-post-thumbnail","7":"category-estatales"},"aioseo_notices":[],"_links":{"self":[{"href":"https:\/\/rutavallesmata.mx\/nuevo\/wp-json\/wp\/v2\/posts\/131410","targetHints":{"allow":["GET"]}}],"collection":[{"href":"https:\/\/rutavallesmata.mx\/nuevo\/wp-json\/wp\/v2\/posts"}],"about":[{"href":"https:\/\/rutavallesmata.mx\/nuevo\/wp-json\/wp\/v2\/types\/post"}],"author":[{"embeddable":true,"href":"https:\/\/rutavallesmata.mx\/nuevo\/wp-json\/wp\/v2\/users\/11"}],"replies":[{"embeddable":true,"href":"https:\/\/rutavallesmata.mx\/nuevo\/wp-json\/wp\/v2\/comments?post=131410"}],"version-history":[{"count":1,"href":"https:\/\/rutavallesmata.mx\/nuevo\/wp-json\/wp\/v2\/posts\/131410\/revisions"}],"predecessor-version":[{"id":131412,"href":"https:\/\/rutavallesmata.mx\/nuevo\/wp-json\/wp\/v2\/posts\/131410\/revisions\/131412"}],"wp:featuredmedia":[{"embeddable":true,"href":"https:\/\/rutavallesmata.mx\/nuevo\/wp-json\/wp\/v2\/media\/131411"}],"wp:attachment":[{"href":"https:\/\/rutavallesmata.mx\/nuevo\/wp-json\/wp\/v2\/media?parent=131410"}],"wp:term":[{"taxonomy":"category","embeddable":true,"href":"https:\/\/rutavallesmata.mx\/nuevo\/wp-json\/wp\/v2\/categories?post=131410"},{"taxonomy":"post_tag","embeddable":true,"href":"https:\/\/rutavallesmata.mx\/nuevo\/wp-json\/wp\/v2\/tags?post=131410"}],"curies":[{"name":"wp","href":"https:\/\/api.w.org\/{rel}","templated":true}]}}