{"id":131401,"date":"2026-04-25T18:24:24","date_gmt":"2026-04-26T00:24:24","guid":{"rendered":"https:\/\/rutavallesmata.mx\/nuevo\/?p=131401"},"modified":"2026-04-25T18:24:26","modified_gmt":"2026-04-26T00:24:26","slug":"en-meoqui-brillaron-mas-de-20-expresiones-artisticas-en-el-conectando-arte","status":"publish","type":"post","link":"https:\/\/rutavallesmata.mx\/nuevo\/2026\/04\/25\/en-meoqui-brillaron-mas-de-20-expresiones-artisticas-en-el-conectando-arte\/","title":{"rendered":"En Meoqui, brillaron m\u00e1s de 20 expresiones art\u00edsticas en el \u201cConectando Arte\u201d"},"content":{"rendered":"\n<p><em>\u201cEl arte y la cultura es parte fundamental del desarrollo de una sociedad, el fortalecimiento del tejido social y tener una mejor comunidad\u201d: Miriam Soto<\/em><\/p>\n\n\n\n<p>Como parte de las acciones para fomentar la cultura y el talento local, el Gobierno Municipal de Meoqui, encabezado por la alcaldesa Miriam Soto, a trav\u00e9s de Desarrollo Social, llev\u00f3 a cabo el evento \u201cConectando Arte\u201d, en el marco del D\u00eda Internacional del Arte, reuniendo a m\u00e1s de 20 artistas y grupos de distintas disciplinas.<\/p>\n\n\n\n<p>La alcaldesa Miriam Soto destac\u00f3 la importancia de este tipo de actividades, se\u00f1alando que el arte y la cultura son elementos fundamentales para el desarrollo de la sociedad, ya que contribuyen a la construcci\u00f3n de la paz, el fortalecimiento del tejido social y la creaci\u00f3n de una mejor comunidad, subrayando queque uno de los principales objetivos del programa es brindar espacios a j\u00f3venes y artistas que anteriormente no contaban con plataformas para dar a conocer su talento, ampliando ahora esta oportunidad no solo a nivel municipal, sino tambi\u00e9n regional.<\/p>\n\n\n\n<p>Durante la jornada, se presentaron diversas expresiones art\u00edsticas como pintura, fotograf\u00eda, elaboraci\u00f3n de pi\u00f1atas y danza folcl\u00f3rica, con la participaci\u00f3n de artistas provenientes de Meoqui, Delicias y Cuauht\u00e9moc, quienes contaron adem\u00e1s con el respaldo de sus familias.<\/p>\n\n\n\n<p>Este evento forma parte del programa Por Amor al Arte, una iniciativa que se realiza los viernes cada 15 d\u00edas con el objetivo de abrir espacios para que los creadores del municipio y la regi\u00f3n puedan compartir su trabajo con la comunidad.<\/p>\n\n\n\n<p><\/p>\n","protected":false},"excerpt":{"rendered":"<p>\u201cEl arte y la cultura es parte fundamental del desarrollo de una sociedad, el fortalecimiento del tejido social y tener una mejor comunidad\u201d: Miriam Soto Como parte de las acciones para fomentar la cultura y el talento local, el Gobierno Municipal de Meoqui, encabezado por la alcaldesa Miriam Soto, a trav\u00e9s de Desarrollo Social, llev\u00f3 [&hellip;]<\/p>\n","protected":false},"author":11,"featured_media":131402,"comment_status":"open","ping_status":"open","sticky":false,"template":"","format":"standard","meta":{"footnotes":""},"categories":[176],"tags":[],"class_list":{"0":"post-131401","1":"post","2":"type-post","3":"status-publish","4":"format-standard","5":"has-post-thumbnail","7":"category-locales"},"aioseo_notices":[],"_links":{"self":[{"href":"https:\/\/rutavallesmata.mx\/nuevo\/wp-json\/wp\/v2\/posts\/131401","targetHints":{"allow":["GET"]}}],"collection":[{"href":"https:\/\/rutavallesmata.mx\/nuevo\/wp-json\/wp\/v2\/posts"}],"about":[{"href":"https:\/\/rutavallesmata.mx\/nuevo\/wp-json\/wp\/v2\/types\/post"}],"author":[{"embeddable":true,"href":"https:\/\/rutavallesmata.mx\/nuevo\/wp-json\/wp\/v2\/users\/11"}],"replies":[{"embeddable":true,"href":"https:\/\/rutavallesmata.mx\/nuevo\/wp-json\/wp\/v2\/comments?post=131401"}],"version-history":[{"count":1,"href":"https:\/\/rutavallesmata.mx\/nuevo\/wp-json\/wp\/v2\/posts\/131401\/revisions"}],"predecessor-version":[{"id":131403,"href":"https:\/\/rutavallesmata.mx\/nuevo\/wp-json\/wp\/v2\/posts\/131401\/revisions\/131403"}],"wp:featuredmedia":[{"embeddable":true,"href":"https:\/\/rutavallesmata.mx\/nuevo\/wp-json\/wp\/v2\/media\/131402"}],"wp:attachment":[{"href":"https:\/\/rutavallesmata.mx\/nuevo\/wp-json\/wp\/v2\/media?parent=131401"}],"wp:term":[{"taxonomy":"category","embeddable":true,"href":"https:\/\/rutavallesmata.mx\/nuevo\/wp-json\/wp\/v2\/categories?post=131401"},{"taxonomy":"post_tag","embeddable":true,"href":"https:\/\/rutavallesmata.mx\/nuevo\/wp-json\/wp\/v2\/tags?post=131401"}],"curies":[{"name":"wp","href":"https:\/\/api.w.org\/{rel}","templated":true}]}}