{"id":131398,"date":"2026-04-25T18:23:15","date_gmt":"2026-04-26T00:23:15","guid":{"rendered":"https:\/\/rutavallesmata.mx\/nuevo\/?p=131398"},"modified":"2026-04-25T18:23:17","modified_gmt":"2026-04-26T00:23:17","slug":"invitan-este-domingo-en-meoqui-al-festival-de-la-ninez-en-el-parque-del-dif","status":"publish","type":"post","link":"https:\/\/rutavallesmata.mx\/nuevo\/2026\/04\/25\/invitan-este-domingo-en-meoqui-al-festival-de-la-ninez-en-el-parque-del-dif\/","title":{"rendered":"Invitan este domingo en Meoqui al Festival de la Ni\u00f1ez en el Parque del DIF"},"content":{"rendered":"\n<p><em>Diversi\u00f3n, sonrisas y sorpresas a partir de las 6:00 de la tarde<\/em><br>El Gobierno Municipal de Meoqui, a trav\u00e9s de la Direcci\u00f3n de Desarrollo Social, invita a todas las familias a celebrar el Festival de la Ni\u00f1ez, que se llevar\u00e1 a cabo este domingo 26 de abril a partir de las 6:00 de la tarde en el parque del DIF Municipal, siguiendo las instrucciones de la alcaldesa Miriam Soto, este evento est\u00e1 especialmente dise\u00f1ado para todas las ni\u00f1as y ni\u00f1os del municipio, con el objetivo de brindarles una tarde llena de alegr\u00eda, diversi\u00f3n y convivencia familiar.<\/p>\n\n\n\n<p>La directora de Desarrollo Social, Zenyith P\u00e9rez, inform\u00f3 que el festival contar\u00e1 con la participaci\u00f3n de la payasita Holanda y su espect\u00e1culo \u201cUn Mundo de Sonrisas\u201d, adem\u00e1s de dulces, juguetes, bolis, baile, concursos y muchas sorpresas m\u00e1s para los peque\u00f1os.<br>Este evento es resultado del trabajo coordinado entre el Gobierno Municipal, el DIF Meoqui y el Club de Leones Meoqui, as\u00ed como del apoyo del Gobierno del Estado y del diputado Ismael P\u00e9rez, quienes contribuyeron para hacer posible esta gran celebraci\u00f3n.<\/p>\n\n\n\n<p>Asimismo, se dio a conocer que el parque del DIF Municipal estar\u00e1 abierto de manera gratuita para todas las familias que asistan, garantizando un espacio accesible, seguro y completamente familiar. La invitaci\u00f3n est\u00e1 abierta para que madres, padres y ni\u00f1os disfruten de esta gran fiesta dedicada a la ni\u00f1ez meoquense, en un ambiente lleno de alegr\u00eda y convivencia.<\/p>\n\n\n\n<p><\/p>\n","protected":false},"excerpt":{"rendered":"<p>Diversi\u00f3n, sonrisas y sorpresas a partir de las 6:00 de la tardeEl Gobierno Municipal de Meoqui, a trav\u00e9s de la Direcci\u00f3n de Desarrollo Social, invita a todas las familias a celebrar el Festival de la Ni\u00f1ez, que se llevar\u00e1 a cabo este domingo 26 de abril a partir de las 6:00 de la tarde en [&hellip;]<\/p>\n","protected":false},"author":11,"featured_media":131399,"comment_status":"open","ping_status":"open","sticky":false,"template":"","format":"standard","meta":{"footnotes":""},"categories":[176],"tags":[],"class_list":{"0":"post-131398","1":"post","2":"type-post","3":"status-publish","4":"format-standard","5":"has-post-thumbnail","7":"category-locales"},"aioseo_notices":[],"_links":{"self":[{"href":"https:\/\/rutavallesmata.mx\/nuevo\/wp-json\/wp\/v2\/posts\/131398","targetHints":{"allow":["GET"]}}],"collection":[{"href":"https:\/\/rutavallesmata.mx\/nuevo\/wp-json\/wp\/v2\/posts"}],"about":[{"href":"https:\/\/rutavallesmata.mx\/nuevo\/wp-json\/wp\/v2\/types\/post"}],"author":[{"embeddable":true,"href":"https:\/\/rutavallesmata.mx\/nuevo\/wp-json\/wp\/v2\/users\/11"}],"replies":[{"embeddable":true,"href":"https:\/\/rutavallesmata.mx\/nuevo\/wp-json\/wp\/v2\/comments?post=131398"}],"version-history":[{"count":1,"href":"https:\/\/rutavallesmata.mx\/nuevo\/wp-json\/wp\/v2\/posts\/131398\/revisions"}],"predecessor-version":[{"id":131400,"href":"https:\/\/rutavallesmata.mx\/nuevo\/wp-json\/wp\/v2\/posts\/131398\/revisions\/131400"}],"wp:featuredmedia":[{"embeddable":true,"href":"https:\/\/rutavallesmata.mx\/nuevo\/wp-json\/wp\/v2\/media\/131399"}],"wp:attachment":[{"href":"https:\/\/rutavallesmata.mx\/nuevo\/wp-json\/wp\/v2\/media?parent=131398"}],"wp:term":[{"taxonomy":"category","embeddable":true,"href":"https:\/\/rutavallesmata.mx\/nuevo\/wp-json\/wp\/v2\/categories?post=131398"},{"taxonomy":"post_tag","embeddable":true,"href":"https:\/\/rutavallesmata.mx\/nuevo\/wp-json\/wp\/v2\/tags?post=131398"}],"curies":[{"name":"wp","href":"https:\/\/api.w.org\/{rel}","templated":true}]}}