{"id":131389,"date":"2026-04-25T15:12:37","date_gmt":"2026-04-25T21:12:37","guid":{"rendered":"https:\/\/rutavallesmata.mx\/nuevo\/?p=131389"},"modified":"2026-04-25T15:12:39","modified_gmt":"2026-04-25T21:12:39","slug":"encabeza-jesus-valenciano-arranque-de-la-segunda-etapa-de-la-vuelta-ciclista-delicias","status":"publish","type":"post","link":"https:\/\/rutavallesmata.mx\/nuevo\/2026\/04\/25\/encabeza-jesus-valenciano-arranque-de-la-segunda-etapa-de-la-vuelta-ciclista-delicias\/","title":{"rendered":"Encabeza Jes\u00fas Valenciano arranque de la segunda etapa de la Vuelta Ciclista Delicias"},"content":{"rendered":"\n<p>Con gran entusiasmo se llev\u00f3 a cabo la segunda etapa de la Vuelta Ciclista Delicias Internacional, teniendo como punto de arranque el ic\u00f3nico Reloj P\u00fablico. El presidente municipal, Jes\u00fas Valenciano Garc\u00eda, fue el encargado de dar el banderazo de salida a los competidores, marcando el inicio de una jornada deportiva que reuni\u00f3 a ciclistas de distintos estados del pa\u00eds.<\/p>\n\n\n\n<p>El pelot\u00f3n parti\u00f3 en una ruta controlada que se mantuvo hasta el entronque rumbo a Satev\u00f3, donde oficialmente comenz\u00f3 la competencia. A partir de ese punto, los ciclistas aumentaron la intensidad en busca de colocarse en los primeros lugares, enfrentando un recorrido demandante tanto en resistencia como en estrategia.<\/p>\n\n\n\n<p>La meta se ubic\u00f3 a la altura del Museo del Desierto Chihuahuense, donde aficionados se dieron cita para recibir a los participantes en un ambiente familiar y festivo. En la categor\u00eda de Primera Fuerza, Miguel Reyes, se alz\u00f3 con la victoria y fue reconocido por las autoridades presentes.<\/p>\n\n\n\n<p>En la Segunda Fuerza, los primeros lugares fueron para Aureliano S\u00e1nchez y Miguel Cendales. En la rama femenil, Ana Hern\u00e1ndez Delgado, obtuvo el primer sitio, seguida por Adriana Rodr\u00edguez.<\/p>\n\n\n\n<p>De esta manera, la Vuelta Ciclista Delicias Internacional contin\u00faa consolid\u00e1ndose como un evento que impulsa el deporte y la convivencia social, invitando a la ciudadan\u00eda a ser parte de cada etapa y disfrutar de las actividades programadas durante el fin de semana, donde el ciclismo y la identidad local se viven al m\u00e1ximo.<\/p>\n\n\n\n<p><\/p>\n","protected":false},"excerpt":{"rendered":"<p>Con gran entusiasmo se llev\u00f3 a cabo la segunda etapa de la Vuelta Ciclista Delicias Internacional, teniendo como punto de arranque el ic\u00f3nico Reloj P\u00fablico. El presidente municipal, Jes\u00fas Valenciano Garc\u00eda, fue el encargado de dar el banderazo de salida a los competidores, marcando el inicio de una jornada deportiva que reuni\u00f3 a ciclistas de [&hellip;]<\/p>\n","protected":false},"author":11,"featured_media":131390,"comment_status":"open","ping_status":"open","sticky":false,"template":"","format":"standard","meta":{"footnotes":""},"categories":[176],"tags":[],"class_list":{"0":"post-131389","1":"post","2":"type-post","3":"status-publish","4":"format-standard","5":"has-post-thumbnail","7":"category-locales"},"aioseo_notices":[],"_links":{"self":[{"href":"https:\/\/rutavallesmata.mx\/nuevo\/wp-json\/wp\/v2\/posts\/131389","targetHints":{"allow":["GET"]}}],"collection":[{"href":"https:\/\/rutavallesmata.mx\/nuevo\/wp-json\/wp\/v2\/posts"}],"about":[{"href":"https:\/\/rutavallesmata.mx\/nuevo\/wp-json\/wp\/v2\/types\/post"}],"author":[{"embeddable":true,"href":"https:\/\/rutavallesmata.mx\/nuevo\/wp-json\/wp\/v2\/users\/11"}],"replies":[{"embeddable":true,"href":"https:\/\/rutavallesmata.mx\/nuevo\/wp-json\/wp\/v2\/comments?post=131389"}],"version-history":[{"count":1,"href":"https:\/\/rutavallesmata.mx\/nuevo\/wp-json\/wp\/v2\/posts\/131389\/revisions"}],"predecessor-version":[{"id":131391,"href":"https:\/\/rutavallesmata.mx\/nuevo\/wp-json\/wp\/v2\/posts\/131389\/revisions\/131391"}],"wp:featuredmedia":[{"embeddable":true,"href":"https:\/\/rutavallesmata.mx\/nuevo\/wp-json\/wp\/v2\/media\/131390"}],"wp:attachment":[{"href":"https:\/\/rutavallesmata.mx\/nuevo\/wp-json\/wp\/v2\/media?parent=131389"}],"wp:term":[{"taxonomy":"category","embeddable":true,"href":"https:\/\/rutavallesmata.mx\/nuevo\/wp-json\/wp\/v2\/categories?post=131389"},{"taxonomy":"post_tag","embeddable":true,"href":"https:\/\/rutavallesmata.mx\/nuevo\/wp-json\/wp\/v2\/tags?post=131389"}],"curies":[{"name":"wp","href":"https:\/\/api.w.org\/{rel}","templated":true}]}}