{"id":131386,"date":"2026-04-25T13:44:33","date_gmt":"2026-04-25T19:44:33","guid":{"rendered":"https:\/\/rutavallesmata.mx\/nuevo\/?p=131386"},"modified":"2026-04-25T13:44:34","modified_gmt":"2026-04-25T19:44:34","slug":"mercarreon-sigue-creciendo-gran-respuesta-en-colonia-campesina-y-continua-la-doble-jornada-semanal","status":"publish","type":"post","link":"https:\/\/rutavallesmata.mx\/nuevo\/2026\/04\/25\/mercarreon-sigue-creciendo-gran-respuesta-en-colonia-campesina-y-continua-la-doble-jornada-semanal\/","title":{"rendered":"Mercarre\u00f3n sigue creciendo: gran respuesta en Colonia Campesina y contin\u00faa la doble jornada semanal"},"content":{"rendered":"\n<p>Delicias, Chih., 25 de abril de 2026.<br>Este s\u00e1bado, familias de la Colonia Campesina participaron con entusiasmo en una nueva edici\u00f3n de Mercarre\u00f3n, programa social que contin\u00faa fortaleci\u00e9ndose en Delicias y acercando apoyo directo a quienes m\u00e1s lo necesitan.<\/p>\n\n\n\n<p>Desde antes del inicio programado a las 10:00 de la ma\u00f1ana, vecinas y vecinos comenzaron a reunirse en la zona, demostrando la confianza que este programa ha ganado gracias a resultados visibles y presencia constante en las colonias.<\/p>\n\n\n\n<p>Con productos accesibles y atenci\u00f3n cercana, Mercarre\u00f3n reafirm\u00f3 que cuando el respaldo llega con hechos, la respuesta ciudadana tambi\u00e9n crece.<\/p>\n\n\n\n<p>El programa impulsado por el diputado Roberto Carre\u00f3n mantiene su ritmo con la doble jornada semanal, estrategia que permite llegar a m\u00e1s sectores de la ciudad y apoyar a m\u00e1s familias cada semana.<\/p>\n\n\n\n<p>Durante la jornada, Roberto Carre\u00f3n destac\u00f3 que el objetivo es seguir avanzando sin detenerse:<\/p>\n\n\n\n<p>\u201cMercarre\u00f3n naci\u00f3 para servir y ayudar. Hoy vemos c\u00f3mo cada semana m\u00e1s familias se suman, y eso nos compromete a redoblar esfuerzos para estar donde la gente nos necesita.\u201d<\/p>\n\n\n\n<p>Pr\u00f3xima semana contin\u00faa el doble Mercarre\u00f3n:<\/p>\n\n\n\n<p>\ud83d\udccd Colonia Francisco Villa<br>\ud83d\uddd3\ufe0f Mi\u00e9rcoles 29 de abril de 2026<br>\ud83d\udd55 6:00 de la tarde<br>\ud83d\udccc Plaza Principal<br>Ave. 12 Sur y Calle Sertoma, Sector Sur<\/p>\n\n\n\n<p>\ud83d\udccd Colonia Hidalgo<br>\ud83d\uddd3\ufe0f S\u00e1bado 2 de mayo<br>\ud83d\udd59 10:00 de la ma\u00f1ana<br>\ud83d\udccc Plaza Principal<\/p>\n\n\n\n<p><\/p>\n","protected":false},"excerpt":{"rendered":"<p>Delicias, Chih., 25 de abril de 2026.Este s\u00e1bado, familias de la Colonia Campesina participaron con entusiasmo en una nueva edici\u00f3n de Mercarre\u00f3n, programa social que contin\u00faa fortaleci\u00e9ndose en Delicias y acercando apoyo directo a quienes m\u00e1s lo necesitan. Desde antes del inicio programado a las 10:00 de la ma\u00f1ana, vecinas y vecinos comenzaron a reunirse [&hellip;]<\/p>\n","protected":false},"author":11,"featured_media":131387,"comment_status":"open","ping_status":"open","sticky":false,"template":"","format":"standard","meta":{"footnotes":""},"categories":[176],"tags":[],"class_list":{"0":"post-131386","1":"post","2":"type-post","3":"status-publish","4":"format-standard","5":"has-post-thumbnail","7":"category-locales"},"aioseo_notices":[],"_links":{"self":[{"href":"https:\/\/rutavallesmata.mx\/nuevo\/wp-json\/wp\/v2\/posts\/131386","targetHints":{"allow":["GET"]}}],"collection":[{"href":"https:\/\/rutavallesmata.mx\/nuevo\/wp-json\/wp\/v2\/posts"}],"about":[{"href":"https:\/\/rutavallesmata.mx\/nuevo\/wp-json\/wp\/v2\/types\/post"}],"author":[{"embeddable":true,"href":"https:\/\/rutavallesmata.mx\/nuevo\/wp-json\/wp\/v2\/users\/11"}],"replies":[{"embeddable":true,"href":"https:\/\/rutavallesmata.mx\/nuevo\/wp-json\/wp\/v2\/comments?post=131386"}],"version-history":[{"count":1,"href":"https:\/\/rutavallesmata.mx\/nuevo\/wp-json\/wp\/v2\/posts\/131386\/revisions"}],"predecessor-version":[{"id":131388,"href":"https:\/\/rutavallesmata.mx\/nuevo\/wp-json\/wp\/v2\/posts\/131386\/revisions\/131388"}],"wp:featuredmedia":[{"embeddable":true,"href":"https:\/\/rutavallesmata.mx\/nuevo\/wp-json\/wp\/v2\/media\/131387"}],"wp:attachment":[{"href":"https:\/\/rutavallesmata.mx\/nuevo\/wp-json\/wp\/v2\/media?parent=131386"}],"wp:term":[{"taxonomy":"category","embeddable":true,"href":"https:\/\/rutavallesmata.mx\/nuevo\/wp-json\/wp\/v2\/categories?post=131386"},{"taxonomy":"post_tag","embeddable":true,"href":"https:\/\/rutavallesmata.mx\/nuevo\/wp-json\/wp\/v2\/tags?post=131386"}],"curies":[{"name":"wp","href":"https:\/\/api.w.org\/{rel}","templated":true}]}}