{"id":131377,"date":"2026-04-24T19:50:27","date_gmt":"2026-04-25T01:50:27","guid":{"rendered":"https:\/\/rutavallesmata.mx\/nuevo\/?p=131377"},"modified":"2026-04-24T19:50:29","modified_gmt":"2026-04-25T01:50:29","slug":"fortalece-jesus-valenciano-vinculo-con-la-sociedad-civil-organizada","status":"publish","type":"post","link":"https:\/\/rutavallesmata.mx\/nuevo\/2026\/04\/24\/fortalece-jesus-valenciano-vinculo-con-la-sociedad-civil-organizada\/","title":{"rendered":"Fortalece Jes\u00fas Valenciano v\u00ednculo con la sociedad civil organizada"},"content":{"rendered":"\n<p>Con el objetivo de impulsar el trabajo conjunto en beneficio de la comunidad, el Gobierno Municipal de Delicias, encabezado por el alcalde Jes\u00fas Valenciano Garc\u00eda, llev\u00f3 a cabo una mesa de trabajo con alrededor de 20 asociaciones civiles, en la que participaron aproximadamente 40 personas, inform\u00f3 el director de Desarrollo Humano y Bien Com\u00fan, Enrique Valenzuela L\u00f3pez.<\/p>\n\n\n\n<p>El funcionario explic\u00f3 que uno de los principales prop\u00f3sitos de la reuni\u00f3n fue dar a conocer las instalaciones del Centro Original de Delicias para la Superaci\u00f3n Familiar, un espacio que se proyecta concluir este mismo a\u00f1o o a inicios del pr\u00f3ximo, y que permitir\u00e1 el desarrollo de diversas actividades orientadas al bienestar de las familias del municipio.<\/p>\n\n\n\n<p>Asimismo, destac\u00f3 que durante el encuentro se dialog\u00f3 sobre nuevos proyectos y se escucharon las necesidades de las asociaciones civiles, con el fin de identificar \u00e1reas de oportunidad y definir de qu\u00e9 manera el municipio puede brindar apoyo para fortalecer su labor social.<\/p>\n\n\n\n<p>Enrique Valenzuela L\u00f3pez subray\u00f3 que estas acciones responden a la visi\u00f3n del alcalde Jes\u00fas Valenciano Garc\u00eda, quien ha impulsado el trabajo coordinado con la sociedad civil organizada, al considerar que la suma de esfuerzos permite generar un mayor impacto y beneficios directos para la comunidad.<\/p>\n\n\n\n<p><\/p>\n","protected":false},"excerpt":{"rendered":"<p>Con el objetivo de impulsar el trabajo conjunto en beneficio de la comunidad, el Gobierno Municipal de Delicias, encabezado por el alcalde Jes\u00fas Valenciano Garc\u00eda, llev\u00f3 a cabo una mesa de trabajo con alrededor de 20 asociaciones civiles, en la que participaron aproximadamente 40 personas, inform\u00f3 el director de Desarrollo Humano y Bien Com\u00fan, Enrique [&hellip;]<\/p>\n","protected":false},"author":11,"featured_media":131378,"comment_status":"open","ping_status":"open","sticky":false,"template":"","format":"standard","meta":{"footnotes":""},"categories":[176],"tags":[],"class_list":{"0":"post-131377","1":"post","2":"type-post","3":"status-publish","4":"format-standard","5":"has-post-thumbnail","7":"category-locales"},"aioseo_notices":[],"_links":{"self":[{"href":"https:\/\/rutavallesmata.mx\/nuevo\/wp-json\/wp\/v2\/posts\/131377","targetHints":{"allow":["GET"]}}],"collection":[{"href":"https:\/\/rutavallesmata.mx\/nuevo\/wp-json\/wp\/v2\/posts"}],"about":[{"href":"https:\/\/rutavallesmata.mx\/nuevo\/wp-json\/wp\/v2\/types\/post"}],"author":[{"embeddable":true,"href":"https:\/\/rutavallesmata.mx\/nuevo\/wp-json\/wp\/v2\/users\/11"}],"replies":[{"embeddable":true,"href":"https:\/\/rutavallesmata.mx\/nuevo\/wp-json\/wp\/v2\/comments?post=131377"}],"version-history":[{"count":1,"href":"https:\/\/rutavallesmata.mx\/nuevo\/wp-json\/wp\/v2\/posts\/131377\/revisions"}],"predecessor-version":[{"id":131379,"href":"https:\/\/rutavallesmata.mx\/nuevo\/wp-json\/wp\/v2\/posts\/131377\/revisions\/131379"}],"wp:featuredmedia":[{"embeddable":true,"href":"https:\/\/rutavallesmata.mx\/nuevo\/wp-json\/wp\/v2\/media\/131378"}],"wp:attachment":[{"href":"https:\/\/rutavallesmata.mx\/nuevo\/wp-json\/wp\/v2\/media?parent=131377"}],"wp:term":[{"taxonomy":"category","embeddable":true,"href":"https:\/\/rutavallesmata.mx\/nuevo\/wp-json\/wp\/v2\/categories?post=131377"},{"taxonomy":"post_tag","embeddable":true,"href":"https:\/\/rutavallesmata.mx\/nuevo\/wp-json\/wp\/v2\/tags?post=131377"}],"curies":[{"name":"wp","href":"https:\/\/api.w.org\/{rel}","templated":true}]}}