{"id":131374,"date":"2026-04-24T19:48:09","date_gmt":"2026-04-25T01:48:09","guid":{"rendered":"https:\/\/rutavallesmata.mx\/nuevo\/?p=131374"},"modified":"2026-04-24T19:48:10","modified_gmt":"2026-04-25T01:48:10","slug":"consolida-marco-bonilla-liderazgo-regional-al-sumar-municipios-a-la-agenda-por-la-ninez-en-meoqui","status":"publish","type":"post","link":"https:\/\/rutavallesmata.mx\/nuevo\/2026\/04\/24\/consolida-marco-bonilla-liderazgo-regional-al-sumar-municipios-a-la-agenda-por-la-ninez-en-meoqui\/","title":{"rendered":"Consolida Marco Bonilla liderazgo regional al sumar municipios a la agenda por la ni\u00f1ez en Meoqui"},"content":{"rendered":"\n<p>El alcalde de Chihuahua Capital, Marco Bonilla, encabez\u00f3 la Asamblea Regional de la Red Mexicana de Ciudades Amigas de la Ni\u00f1ez en el municipio de Meoqui, donde tom\u00f3 protesta a alcaldes y alcaldesas de la regi\u00f3n centro-sur que se integran a esta agenda com\u00fan en favor de ni\u00f1as, ni\u00f1os y adolescentes.<\/p>\n\n\n\n<p>Con la participaci\u00f3n de municipios como Rosales, Saucillo, San Francisco de Conchos, Camargo, Julimes, Ojinaga, Aquiles Serd\u00e1n y el anfitri\u00f3n Meoqui, la Red contin\u00faa ampliando su alcance y ya agrupa a m\u00e1s del 40 por ciento de los municipios del pa\u00eds comprometidos con la protecci\u00f3n de la infancia.<\/p>\n\n\n\n<p>En su calidad de presidente nacional de la Red, Marco Bonilla destac\u00f3 la importancia de construir pol\u00edticas p\u00fablicas desde lo local que fortalezcan a las familias y generen mejores condiciones para el desarrollo de la ni\u00f1ez.<\/p>\n\n\n\n<p>\u201cCuidar a la ni\u00f1ez es asegurar el presente y el futuro de nuestras comunidades\u201d, expres\u00f3.<\/p>\n\n\n\n<p>Acompa\u00f1ado por Karina Olivas, presidenta del DIF Municipal, llam\u00f3 a autoridades y sociedad civil a mantener el trabajo conjunto en temas clave como salud, seguridad y desarrollo emocional de ni\u00f1as y ni\u00f1os.<\/p>\n\n\n\n<p>Durante la jornada se desarrollaron ponencias sobre crianza positiva, neurodesarrollo y protecci\u00f3n de derechos, como parte de una estrategia para atender problem\u00e1ticas como la violencia y el maltrato infantil.<\/p>\n\n\n\n<p>Con esta integraci\u00f3n regional, Marco Bonilla sigue articulando esfuerzos entre municipios y posicionando a Chihuahua como referente en pol\u00edticas p\u00fablicas enfocadas en la ni\u00f1ez, impulsando una agenda que trasciende gobiernos y pone en el centro a las familias.<\/p>\n\n\n\n<p><\/p>\n","protected":false},"excerpt":{"rendered":"<p>El alcalde de Chihuahua Capital, Marco Bonilla, encabez\u00f3 la Asamblea Regional de la Red Mexicana de Ciudades Amigas de la Ni\u00f1ez en el municipio de Meoqui, donde tom\u00f3 protesta a alcaldes y alcaldesas de la regi\u00f3n centro-sur que se integran a esta agenda com\u00fan en favor de ni\u00f1as, ni\u00f1os y adolescentes. Con la participaci\u00f3n de [&hellip;]<\/p>\n","protected":false},"author":11,"featured_media":131375,"comment_status":"open","ping_status":"open","sticky":false,"template":"","format":"standard","meta":{"footnotes":""},"categories":[176],"tags":[],"class_list":{"0":"post-131374","1":"post","2":"type-post","3":"status-publish","4":"format-standard","5":"has-post-thumbnail","7":"category-locales"},"aioseo_notices":[],"_links":{"self":[{"href":"https:\/\/rutavallesmata.mx\/nuevo\/wp-json\/wp\/v2\/posts\/131374","targetHints":{"allow":["GET"]}}],"collection":[{"href":"https:\/\/rutavallesmata.mx\/nuevo\/wp-json\/wp\/v2\/posts"}],"about":[{"href":"https:\/\/rutavallesmata.mx\/nuevo\/wp-json\/wp\/v2\/types\/post"}],"author":[{"embeddable":true,"href":"https:\/\/rutavallesmata.mx\/nuevo\/wp-json\/wp\/v2\/users\/11"}],"replies":[{"embeddable":true,"href":"https:\/\/rutavallesmata.mx\/nuevo\/wp-json\/wp\/v2\/comments?post=131374"}],"version-history":[{"count":1,"href":"https:\/\/rutavallesmata.mx\/nuevo\/wp-json\/wp\/v2\/posts\/131374\/revisions"}],"predecessor-version":[{"id":131376,"href":"https:\/\/rutavallesmata.mx\/nuevo\/wp-json\/wp\/v2\/posts\/131374\/revisions\/131376"}],"wp:featuredmedia":[{"embeddable":true,"href":"https:\/\/rutavallesmata.mx\/nuevo\/wp-json\/wp\/v2\/media\/131375"}],"wp:attachment":[{"href":"https:\/\/rutavallesmata.mx\/nuevo\/wp-json\/wp\/v2\/media?parent=131374"}],"wp:term":[{"taxonomy":"category","embeddable":true,"href":"https:\/\/rutavallesmata.mx\/nuevo\/wp-json\/wp\/v2\/categories?post=131374"},{"taxonomy":"post_tag","embeddable":true,"href":"https:\/\/rutavallesmata.mx\/nuevo\/wp-json\/wp\/v2\/tags?post=131374"}],"curies":[{"name":"wp","href":"https:\/\/api.w.org\/{rel}","templated":true}]}}