{"id":131371,"date":"2026-04-24T11:08:41","date_gmt":"2026-04-24T17:08:41","guid":{"rendered":"https:\/\/rutavallesmata.mx\/nuevo\/?p=131371"},"modified":"2026-04-24T11:08:43","modified_gmt":"2026-04-24T17:08:43","slug":"mario-mata-anuncia-festejo-del-dia-de-la-ninez-en-montealban-con-regalos-y-productos-subsidiados","status":"publish","type":"post","link":"https:\/\/rutavallesmata.mx\/nuevo\/2026\/04\/24\/mario-mata-anuncia-festejo-del-dia-de-la-ninez-en-montealban-con-regalos-y-productos-subsidiados\/","title":{"rendered":"Mario Mata anuncia festejo del D\u00eda de la Ni\u00f1ez en Montealb\u00e1n con regalos y productos subsidiados"},"content":{"rendered":"\n<p>Delicias, Chih.\u2013 El regidor <strong>Mario Mata<\/strong> anunci\u00f3 un evento con motivo del <strong>D\u00eda de la Ni\u00f1ez<\/strong> que se llevar\u00e1 a cabo este <strong>s\u00e1bado 25 de abril a las 4:00 de la tarde<\/strong> en el <strong>fraccionamiento Montealb\u00e1n<\/strong>.<\/p>\n\n\n\n<p>De acuerdo con la invitaci\u00f3n difundida, la actividad tendr\u00e1 lugar en el cruce de <strong>calle De la Fortaleza y calle Progreso<\/strong>, donde se ofrecer\u00e1 una tarde de convivencia con <strong>payaso, m\u00fasica, regalos, dulces y sorpresas<\/strong> para las familias del sector.<\/p>\n\n\n\n<p>Adem\u00e1s del festejo infantil, tambi\u00e9n se inform\u00f3 sobre la venta de productos subsidiados, entre ellos <strong>frijol a 15 pesos el kilo<\/strong> y <strong>huevo a 50 pesos la cartera<\/strong>.<\/p>\n\n\n\n<p>La invitaci\u00f3n est\u00e1 dirigida a ni\u00f1as, ni\u00f1os y padres de familia de la zona, con el objetivo de reunir a la comunidad en un ambiente familiar.<\/p>\n\n\n\n<p><\/p>\n","protected":false},"excerpt":{"rendered":"<p>Delicias, Chih.\u2013 El regidor Mario Mata anunci\u00f3 un evento con motivo del D\u00eda de la Ni\u00f1ez que se llevar\u00e1 a cabo este s\u00e1bado 25 de abril a las 4:00 de la tarde en el fraccionamiento Montealb\u00e1n. De acuerdo con la invitaci\u00f3n difundida, la actividad tendr\u00e1 lugar en el cruce de calle De la Fortaleza y [&hellip;]<\/p>\n","protected":false},"author":11,"featured_media":131372,"comment_status":"open","ping_status":"open","sticky":false,"template":"","format":"standard","meta":{"footnotes":""},"categories":[176],"tags":[],"class_list":{"0":"post-131371","1":"post","2":"type-post","3":"status-publish","4":"format-standard","5":"has-post-thumbnail","7":"category-locales"},"aioseo_notices":[],"_links":{"self":[{"href":"https:\/\/rutavallesmata.mx\/nuevo\/wp-json\/wp\/v2\/posts\/131371","targetHints":{"allow":["GET"]}}],"collection":[{"href":"https:\/\/rutavallesmata.mx\/nuevo\/wp-json\/wp\/v2\/posts"}],"about":[{"href":"https:\/\/rutavallesmata.mx\/nuevo\/wp-json\/wp\/v2\/types\/post"}],"author":[{"embeddable":true,"href":"https:\/\/rutavallesmata.mx\/nuevo\/wp-json\/wp\/v2\/users\/11"}],"replies":[{"embeddable":true,"href":"https:\/\/rutavallesmata.mx\/nuevo\/wp-json\/wp\/v2\/comments?post=131371"}],"version-history":[{"count":1,"href":"https:\/\/rutavallesmata.mx\/nuevo\/wp-json\/wp\/v2\/posts\/131371\/revisions"}],"predecessor-version":[{"id":131373,"href":"https:\/\/rutavallesmata.mx\/nuevo\/wp-json\/wp\/v2\/posts\/131371\/revisions\/131373"}],"wp:featuredmedia":[{"embeddable":true,"href":"https:\/\/rutavallesmata.mx\/nuevo\/wp-json\/wp\/v2\/media\/131372"}],"wp:attachment":[{"href":"https:\/\/rutavallesmata.mx\/nuevo\/wp-json\/wp\/v2\/media?parent=131371"}],"wp:term":[{"taxonomy":"category","embeddable":true,"href":"https:\/\/rutavallesmata.mx\/nuevo\/wp-json\/wp\/v2\/categories?post=131371"},{"taxonomy":"post_tag","embeddable":true,"href":"https:\/\/rutavallesmata.mx\/nuevo\/wp-json\/wp\/v2\/tags?post=131371"}],"curies":[{"name":"wp","href":"https:\/\/api.w.org\/{rel}","templated":true}]}}