{"id":131356,"date":"2026-04-23T19:29:32","date_gmt":"2026-04-24T01:29:32","guid":{"rendered":"https:\/\/rutavallesmata.mx\/nuevo\/?p=131356"},"modified":"2026-04-23T19:29:34","modified_gmt":"2026-04-24T01:29:34","slug":"celebran-en-meoqui-el-dia-mundial-del-libro-con-libros-a-volar","status":"publish","type":"post","link":"https:\/\/rutavallesmata.mx\/nuevo\/2026\/04\/23\/celebran-en-meoqui-el-dia-mundial-del-libro-con-libros-a-volar\/","title":{"rendered":"Celebran en Meoqui el D\u00eda Mundial del Libro con \u201cLibros a Volar\u201d"},"content":{"rendered":"\n<p><em>Regalan m\u00e1s de 300 ejemplares en puntos del municipio y escuelas, de diferentes g\u00e9neros literarios para fomentar la lectura<\/em><\/p>\n\n\n\n<p>En el marco del D\u00eda Mundial del Libro y los Derechos de Autor, el Gobierno Municipal de Meoqui, a trav\u00e9s de la direcci\u00f3n de Desarrollo Social, llev\u00f3 a cabo la actividad \u201cLibros a Volar\u201d, mediante la cual se regalaron m\u00e1s de 300 libros de distintos g\u00e9neros, colocados en diversos espacios p\u00fablicos para que las personas los encuentren, los lean y los conserven.<\/p>\n\n\n\n<p>La directora de Desarrollo Social, Zenyith P\u00e9rez, inform\u00f3 que el objetivo de este programa es acercar los libros a la comunidad y fomentar el h\u00e1bito de la lectura entre ni\u00f1as, ni\u00f1os y adultos. Explic\u00f3 que, adem\u00e1s de conservarlos, se invita a quienes los encuentren a compartirlos posteriormente con otras personas, con el fin de seguir promoviendo el gusto por la lectura en el municipio.<\/p>\n\n\n\n<p>Asimismo, destac\u00f3 que en esta edici\u00f3n la actividad tambi\u00e9n se llev\u00f3 a instituciones educativas de la cabecera municipal, contando con la participaci\u00f3n de las escuelas primarias Sector Obrero, Farabundo Mart\u00ed y Cuauht\u00e9moc 2220, agradeciendo a directivos y docentes por sumarse a esta iniciativa.<\/p>\n\n\n\n<p>Finalmente, se\u00f1al\u00f3 que \u201cLibros a Volar\u201d se ha consolidado como una de las actividades m\u00e1s esperadas por las y los meoquenses, formando parte de las acciones impulsadas por la alcaldesa Miriam Soto para fortalecer la lectura en el municipio.<\/p>\n\n\n\n<p><\/p>\n","protected":false},"excerpt":{"rendered":"<p>Regalan m\u00e1s de 300 ejemplares en puntos del municipio y escuelas, de diferentes g\u00e9neros literarios para fomentar la lectura En el marco del D\u00eda Mundial del Libro y los Derechos de Autor, el Gobierno Municipal de Meoqui, a trav\u00e9s de la direcci\u00f3n de Desarrollo Social, llev\u00f3 a cabo la actividad \u201cLibros a Volar\u201d, mediante la [&hellip;]<\/p>\n","protected":false},"author":11,"featured_media":131357,"comment_status":"open","ping_status":"open","sticky":false,"template":"","format":"standard","meta":{"footnotes":""},"categories":[176],"tags":[],"class_list":{"0":"post-131356","1":"post","2":"type-post","3":"status-publish","4":"format-standard","5":"has-post-thumbnail","7":"category-locales"},"aioseo_notices":[],"_links":{"self":[{"href":"https:\/\/rutavallesmata.mx\/nuevo\/wp-json\/wp\/v2\/posts\/131356","targetHints":{"allow":["GET"]}}],"collection":[{"href":"https:\/\/rutavallesmata.mx\/nuevo\/wp-json\/wp\/v2\/posts"}],"about":[{"href":"https:\/\/rutavallesmata.mx\/nuevo\/wp-json\/wp\/v2\/types\/post"}],"author":[{"embeddable":true,"href":"https:\/\/rutavallesmata.mx\/nuevo\/wp-json\/wp\/v2\/users\/11"}],"replies":[{"embeddable":true,"href":"https:\/\/rutavallesmata.mx\/nuevo\/wp-json\/wp\/v2\/comments?post=131356"}],"version-history":[{"count":1,"href":"https:\/\/rutavallesmata.mx\/nuevo\/wp-json\/wp\/v2\/posts\/131356\/revisions"}],"predecessor-version":[{"id":131358,"href":"https:\/\/rutavallesmata.mx\/nuevo\/wp-json\/wp\/v2\/posts\/131356\/revisions\/131358"}],"wp:featuredmedia":[{"embeddable":true,"href":"https:\/\/rutavallesmata.mx\/nuevo\/wp-json\/wp\/v2\/media\/131357"}],"wp:attachment":[{"href":"https:\/\/rutavallesmata.mx\/nuevo\/wp-json\/wp\/v2\/media?parent=131356"}],"wp:term":[{"taxonomy":"category","embeddable":true,"href":"https:\/\/rutavallesmata.mx\/nuevo\/wp-json\/wp\/v2\/categories?post=131356"},{"taxonomy":"post_tag","embeddable":true,"href":"https:\/\/rutavallesmata.mx\/nuevo\/wp-json\/wp\/v2\/tags?post=131356"}],"curies":[{"name":"wp","href":"https:\/\/api.w.org\/{rel}","templated":true}]}}