{"id":131350,"date":"2026-04-23T19:15:37","date_gmt":"2026-04-24T01:15:37","guid":{"rendered":"https:\/\/rutavallesmata.mx\/nuevo\/?p=131350"},"modified":"2026-04-23T19:15:38","modified_gmt":"2026-04-24T01:15:38","slug":"meoqui-sede-de-la-asamblea-regional-de-la-red-mexicana-de-las-ciudades-amigas-de-la-ninez","status":"publish","type":"post","link":"https:\/\/rutavallesmata.mx\/nuevo\/2026\/04\/23\/meoqui-sede-de-la-asamblea-regional-de-la-red-mexicana-de-las-ciudades-amigas-de-la-ninez\/","title":{"rendered":"Meoqui sede de la Asamblea Regional de la Red Mexicana de las Ciudades Amigas de la Ni\u00f1ez"},"content":{"rendered":"\n<p><em>Reunir\u00e1 a 15 municipios para fortalecer pol\u00edticas p\u00fablicas en favor de la infancia y la familia<\/em><\/p>\n\n\n\n<p>Este viernes, el municipio de Meoqui ser\u00e1 sede de la Asamblea Regional Ni\u00f1ez, familia y desarrollo comunitario de la Red Mexicana de las Ciudades Amigas de la Ni\u00f1ez (RMCAN), encuentro que reunir\u00e1 a representantes de 15 municipios y contar\u00e1 con la presencia de Marco Bonilla, presidente nacional de la red, esto con el objetivo de esta asamblea es promover el intercambio de experiencias exitosas entre municipios, con el fin de fortalecer la implementaci\u00f3n de pol\u00edticas p\u00fablicas que garanticen los derechos de ni\u00f1as, ni\u00f1os y adolescentes.<\/p>\n\n\n\n<p>La alcaldesa de Meoqui, Miriam Soto, destac\u00f3 que para el municipio es un honor ser sede de este encuentro regional, el cual dar\u00e1 inicio a las 9:30 de la ma\u00f1ana y permitir\u00e1 reunir a autoridades de distintos municipios del estado. Se\u00f1al\u00f3 que este tipo de espacios fortalecen la coordinaci\u00f3n entre gobiernos locales para impulsar acciones con enfoque en la ni\u00f1ez y la familia, destacando que es una responsabilidad compartida trabajar por su bienestar y desarrollo.<\/p>\n\n\n\n<p>Asimismo, resalt\u00f3 que este encuentro representa un reconocimiento al trabajo que se realiza en Meoqui en favor de la infancia, mediante programas impulsados por el DIF Municipal y diversas acciones en el \u00e1mbito educativo, como la entrega de uniformes y calzado gratuito, becas para estudiantes universitarios, as\u00ed como gestiones en infraestructura educativa.<\/p>\n\n\n\n<p>Finalmente, la alcaldesa subray\u00f3 la importancia de continuar promoviendo pol\u00edticas p\u00fablicas con perspectiva familiar, priorizando a la ni\u00f1ez como eje central para la construcci\u00f3n de una mejor sociedad, aun cuando se trate de un trabajo que no siempre es visible como una obra p\u00fablica, pero que tiene un impacto profundo en la comunidad.<\/p>\n\n\n\n<p><\/p>\n","protected":false},"excerpt":{"rendered":"<p>Reunir\u00e1 a 15 municipios para fortalecer pol\u00edticas p\u00fablicas en favor de la infancia y la familia Este viernes, el municipio de Meoqui ser\u00e1 sede de la Asamblea Regional Ni\u00f1ez, familia y desarrollo comunitario de la Red Mexicana de las Ciudades Amigas de la Ni\u00f1ez (RMCAN), encuentro que reunir\u00e1 a representantes de 15 municipios y contar\u00e1 [&hellip;]<\/p>\n","protected":false},"author":11,"featured_media":131351,"comment_status":"open","ping_status":"open","sticky":false,"template":"","format":"standard","meta":{"footnotes":""},"categories":[176],"tags":[],"class_list":{"0":"post-131350","1":"post","2":"type-post","3":"status-publish","4":"format-standard","5":"has-post-thumbnail","7":"category-locales"},"aioseo_notices":[],"_links":{"self":[{"href":"https:\/\/rutavallesmata.mx\/nuevo\/wp-json\/wp\/v2\/posts\/131350","targetHints":{"allow":["GET"]}}],"collection":[{"href":"https:\/\/rutavallesmata.mx\/nuevo\/wp-json\/wp\/v2\/posts"}],"about":[{"href":"https:\/\/rutavallesmata.mx\/nuevo\/wp-json\/wp\/v2\/types\/post"}],"author":[{"embeddable":true,"href":"https:\/\/rutavallesmata.mx\/nuevo\/wp-json\/wp\/v2\/users\/11"}],"replies":[{"embeddable":true,"href":"https:\/\/rutavallesmata.mx\/nuevo\/wp-json\/wp\/v2\/comments?post=131350"}],"version-history":[{"count":1,"href":"https:\/\/rutavallesmata.mx\/nuevo\/wp-json\/wp\/v2\/posts\/131350\/revisions"}],"predecessor-version":[{"id":131352,"href":"https:\/\/rutavallesmata.mx\/nuevo\/wp-json\/wp\/v2\/posts\/131350\/revisions\/131352"}],"wp:featuredmedia":[{"embeddable":true,"href":"https:\/\/rutavallesmata.mx\/nuevo\/wp-json\/wp\/v2\/media\/131351"}],"wp:attachment":[{"href":"https:\/\/rutavallesmata.mx\/nuevo\/wp-json\/wp\/v2\/media?parent=131350"}],"wp:term":[{"taxonomy":"category","embeddable":true,"href":"https:\/\/rutavallesmata.mx\/nuevo\/wp-json\/wp\/v2\/categories?post=131350"},{"taxonomy":"post_tag","embeddable":true,"href":"https:\/\/rutavallesmata.mx\/nuevo\/wp-json\/wp\/v2\/tags?post=131350"}],"curies":[{"name":"wp","href":"https:\/\/api.w.org\/{rel}","templated":true}]}}