{"id":131328,"date":"2026-04-23T17:23:53","date_gmt":"2026-04-23T23:23:53","guid":{"rendered":"https:\/\/rutavallesmata.mx\/nuevo\/?p=131328"},"modified":"2026-04-23T17:23:54","modified_gmt":"2026-04-23T23:23:54","slug":"arranca-este-fin-de-semana-la-ruta-gastronomica-en-delicias-mas-de-20-negocios-listos-para-recibirte-desde-las-5-de-la-tarde","status":"publish","type":"post","link":"https:\/\/rutavallesmata.mx\/nuevo\/2026\/04\/23\/arranca-este-fin-de-semana-la-ruta-gastronomica-en-delicias-mas-de-20-negocios-listos-para-recibirte-desde-las-5-de-la-tarde\/","title":{"rendered":"Arranca este fin de semana la Ruta Gastron\u00f3mica en Delicias; m\u00e1s de 20 negocios listos para recibirte desde las 5 de la tarde"},"content":{"rendered":"\n<p>Delicias, Chih.\u2013 Todo est\u00e1 listo para que el coraz\u00f3n de la ciudad se llene de sabor, m\u00fasica y ambiente familiar con la Ruta Gastron\u00f3mica, que se llevar\u00e1 a cabo este 25 y 26 de abril en el trazo de la ciudad, a partir de las 5:00 de la tarde.<\/p>\n\n\n\n<p>M\u00e1s de 20 negocios locales participar\u00e1n en este evento, ofreciendo una amplia variedad de alimentos que van desde antojitos tradicionales hasta propuestas innovadoras, convirtiendo el centro en un corredor gastron\u00f3mico para todos los gustos.<\/p>\n\n\n\n<p>El recorrido estar\u00e1 ubicado en el primer cuadro de Delicias, partiendo desde el Reloj P\u00fablico y extendi\u00e9ndose por diversas calles, donde se instalar\u00e1n los stands de comida y \u00e1reas de entretenimiento.<\/p>\n\n\n\n<p>Adem\u00e1s, la experiencia estar\u00e1 acompa\u00f1ada de m\u00fasica en vivo y espect\u00e1culos para toda la familia, con presentaciones de artistas como Tambora La Yaquesita, Midnight, Lalo \u00c1vila Band, as\u00ed como shows de baile y K-Pop.<\/p>\n\n\n\n<p>Autoridades y organizadores invitan a la ciudadan\u00eda a asistir y disfrutar de este evento que forma parte del Festival de la Fundaci\u00f3n, destacando la riqueza gastron\u00f3mica local y fortaleciendo la econom\u00eda de los emprendedores de la regi\u00f3n.<\/p>\n\n\n\n<p>La cita es este viernes 25 y s\u00e1bado 26 de abril, desde las 5:00 de la tarde, en el trazo de la ciudad.<\/p>\n\n\n\n<p><\/p>\n","protected":false},"excerpt":{"rendered":"<p>Delicias, Chih.\u2013 Todo est\u00e1 listo para que el coraz\u00f3n de la ciudad se llene de sabor, m\u00fasica y ambiente familiar con la Ruta Gastron\u00f3mica, que se llevar\u00e1 a cabo este 25 y 26 de abril en el trazo de la ciudad, a partir de las 5:00 de la tarde. M\u00e1s de 20 negocios locales participar\u00e1n [&hellip;]<\/p>\n","protected":false},"author":11,"featured_media":131329,"comment_status":"open","ping_status":"open","sticky":false,"template":"","format":"standard","meta":{"footnotes":""},"categories":[176],"tags":[],"class_list":{"0":"post-131328","1":"post","2":"type-post","3":"status-publish","4":"format-standard","5":"has-post-thumbnail","7":"category-locales"},"aioseo_notices":[],"_links":{"self":[{"href":"https:\/\/rutavallesmata.mx\/nuevo\/wp-json\/wp\/v2\/posts\/131328","targetHints":{"allow":["GET"]}}],"collection":[{"href":"https:\/\/rutavallesmata.mx\/nuevo\/wp-json\/wp\/v2\/posts"}],"about":[{"href":"https:\/\/rutavallesmata.mx\/nuevo\/wp-json\/wp\/v2\/types\/post"}],"author":[{"embeddable":true,"href":"https:\/\/rutavallesmata.mx\/nuevo\/wp-json\/wp\/v2\/users\/11"}],"replies":[{"embeddable":true,"href":"https:\/\/rutavallesmata.mx\/nuevo\/wp-json\/wp\/v2\/comments?post=131328"}],"version-history":[{"count":1,"href":"https:\/\/rutavallesmata.mx\/nuevo\/wp-json\/wp\/v2\/posts\/131328\/revisions"}],"predecessor-version":[{"id":131330,"href":"https:\/\/rutavallesmata.mx\/nuevo\/wp-json\/wp\/v2\/posts\/131328\/revisions\/131330"}],"wp:featuredmedia":[{"embeddable":true,"href":"https:\/\/rutavallesmata.mx\/nuevo\/wp-json\/wp\/v2\/media\/131329"}],"wp:attachment":[{"href":"https:\/\/rutavallesmata.mx\/nuevo\/wp-json\/wp\/v2\/media?parent=131328"}],"wp:term":[{"taxonomy":"category","embeddable":true,"href":"https:\/\/rutavallesmata.mx\/nuevo\/wp-json\/wp\/v2\/categories?post=131328"},{"taxonomy":"post_tag","embeddable":true,"href":"https:\/\/rutavallesmata.mx\/nuevo\/wp-json\/wp\/v2\/tags?post=131328"}],"curies":[{"name":"wp","href":"https:\/\/api.w.org\/{rel}","templated":true}]}}