{"id":131316,"date":"2026-04-22T22:40:39","date_gmt":"2026-04-23T04:40:39","guid":{"rendered":"https:\/\/rutavallesmata.mx\/nuevo\/?p=131316"},"modified":"2026-04-22T22:40:41","modified_gmt":"2026-04-23T04:40:41","slug":"inauguran-en-meoqui-los-intercbtas-de-arte-y-cultura-2026","status":"publish","type":"post","link":"https:\/\/rutavallesmata.mx\/nuevo\/2026\/04\/22\/inauguran-en-meoqui-los-intercbtas-de-arte-y-cultura-2026\/","title":{"rendered":"Inauguran en Meoqui los InterCBTas de Arte y Cultura 2026"},"content":{"rendered":"\n<p>\u201cAtr\u00e9vanse a participar, a equivocarse y a vivir el arte: estos d\u00edas en Meoqui pueden marcar su vida\u201d: Alcaldesa Miriam Soto<\/p>\n\n\n\n<p>Con la participaci\u00f3n de estudiantes de nueve municipios del estado, se llev\u00f3 a cabo en Meoqui la inauguraci\u00f3n de la Jornada Estatal de Arte y Cultura de la DGETAyCM, mejor conocida como InterCBTas 2026.<\/p>\n\n\n\n<p>La alcaldesa Miriam Soto dirigi\u00f3 un emotivo mensaje a los j\u00f3venes durante el evento inaugural, destacando la importancia de disfrutar esta etapa de sus vidas, atreverse a participar y valorar el arte como una forma de expresi\u00f3n y crecimiento personal: \u201cDe verdad que venir a compartir este momento con j\u00f3venes, con ese entusiasmo y esa buena vibra, me alimenta y me da pila para rato. Disfruten mucho estos d\u00edas, atr\u00e9vanse a participar, incluso a equivocarse, porque eso tambi\u00e9n es parte del camino\u201d.<\/p>\n\n\n\n<p>Asimismo, resalt\u00f3 que este tipo de encuentros no solo fortalecen el talento art\u00edstico, sino tambi\u00e9n generan experiencias inolvidables, amistades y aprendizajes que perduran con el tiempo. Finalmente la alcaldesa, agradeci\u00f3 al CBTa 147 por su destacada trayectoria de m\u00e1s de 40 a\u00f1os en el municipio, reconociendo su labor en la formaci\u00f3n de j\u00f3venes y su constante contribuci\u00f3n para poner en alto el nombre de Meoqui.<\/p>\n\n\n\n<p>El evento reuni\u00f3 a j\u00f3venes talentos provenientes de los planteles de Meoqui, Guachochi, Cuauht\u00e9moc, Madera, Casas Grandes, Delicias, Benito Ju\u00e1rez, G\u00f3mez Far\u00edas y Aldama, quienes durante varios d\u00edas estar\u00e1n participando en diversas disciplinas art\u00edsticas y culturales. La declaratoria oficial de inauguraci\u00f3n se realiz\u00f3 a las 6:22 de la tarde por el Ing. Ronquillo, dando inicio formal a esta importante jornada que promueve la creatividad, el talento y la convivencia entre estudiantes.<\/p>\n\n\n\n<p>De acuerdo con el programa, durante esta jornada se estar\u00e1n desarrollando diversas modalidades como dibujo y pintura, fotograf\u00eda, oratoria, danza en sus distintas categor\u00edas, teatro, canto, declamaci\u00f3n, entre otras, teniendo como sedes distintos espacios del municipio.<\/p>\n\n\n\n<p><\/p>\n","protected":false},"excerpt":{"rendered":"<p>\u201cAtr\u00e9vanse a participar, a equivocarse y a vivir el arte: estos d\u00edas en Meoqui pueden marcar su vida\u201d: Alcaldesa Miriam Soto Con la participaci\u00f3n de estudiantes de nueve municipios del estado, se llev\u00f3 a cabo en Meoqui la inauguraci\u00f3n de la Jornada Estatal de Arte y Cultura de la DGETAyCM, mejor conocida como InterCBTas 2026. [&hellip;]<\/p>\n","protected":false},"author":11,"featured_media":131317,"comment_status":"open","ping_status":"open","sticky":false,"template":"","format":"standard","meta":{"footnotes":""},"categories":[176],"tags":[],"class_list":{"0":"post-131316","1":"post","2":"type-post","3":"status-publish","4":"format-standard","5":"has-post-thumbnail","7":"category-locales"},"aioseo_notices":[],"_links":{"self":[{"href":"https:\/\/rutavallesmata.mx\/nuevo\/wp-json\/wp\/v2\/posts\/131316","targetHints":{"allow":["GET"]}}],"collection":[{"href":"https:\/\/rutavallesmata.mx\/nuevo\/wp-json\/wp\/v2\/posts"}],"about":[{"href":"https:\/\/rutavallesmata.mx\/nuevo\/wp-json\/wp\/v2\/types\/post"}],"author":[{"embeddable":true,"href":"https:\/\/rutavallesmata.mx\/nuevo\/wp-json\/wp\/v2\/users\/11"}],"replies":[{"embeddable":true,"href":"https:\/\/rutavallesmata.mx\/nuevo\/wp-json\/wp\/v2\/comments?post=131316"}],"version-history":[{"count":1,"href":"https:\/\/rutavallesmata.mx\/nuevo\/wp-json\/wp\/v2\/posts\/131316\/revisions"}],"predecessor-version":[{"id":131318,"href":"https:\/\/rutavallesmata.mx\/nuevo\/wp-json\/wp\/v2\/posts\/131316\/revisions\/131318"}],"wp:featuredmedia":[{"embeddable":true,"href":"https:\/\/rutavallesmata.mx\/nuevo\/wp-json\/wp\/v2\/media\/131317"}],"wp:attachment":[{"href":"https:\/\/rutavallesmata.mx\/nuevo\/wp-json\/wp\/v2\/media?parent=131316"}],"wp:term":[{"taxonomy":"category","embeddable":true,"href":"https:\/\/rutavallesmata.mx\/nuevo\/wp-json\/wp\/v2\/categories?post=131316"},{"taxonomy":"post_tag","embeddable":true,"href":"https:\/\/rutavallesmata.mx\/nuevo\/wp-json\/wp\/v2\/tags?post=131316"}],"curies":[{"name":"wp","href":"https:\/\/api.w.org\/{rel}","templated":true}]}}