{"id":131266,"date":"2026-04-21T20:44:02","date_gmt":"2026-04-22T02:44:02","guid":{"rendered":"https:\/\/rutavallesmata.mx\/nuevo\/?p=131266"},"modified":"2026-04-21T20:44:04","modified_gmt":"2026-04-22T02:44:04","slug":"realizaran-en-meoqui-mega-venta-del-dia-de-las-madres-este-2-de-mayo","status":"publish","type":"post","link":"https:\/\/rutavallesmata.mx\/nuevo\/2026\/04\/21\/realizaran-en-meoqui-mega-venta-del-dia-de-las-madres-este-2-de-mayo\/","title":{"rendered":"Realizar\u00e1n en Meoqui Mega Venta del D\u00eda de las Madres este 2 de mayo"},"content":{"rendered":"\n<p><em>Participar\u00e1n 25 comercios con descuentos y m\u00e1s de 30 emprendedores de la regi\u00f3n<\/em><\/p>\n\n\n\n<p>El Gobierno Municipal de Meoqui, a trav\u00e9s de la Direcci\u00f3n de Desarrollo Econ\u00f3mico y Turismo, invita a la ciudadan\u00eda a asistir a la Mega Venta del D\u00eda de las Madres, que se llevar\u00e1 a cabo el pr\u00f3ximo s\u00e1bado 2 de mayo a partir de las 11:00 de la ma\u00f1ana en la zona centro del municipio, donde adem\u00e1s se instalar\u00e1 la Feria Regional de Emprendedores.<\/p>\n\n\n\n<p>El director de Desarrollo Econ\u00f3mico y Turismo, Alan Mata, inform\u00f3 que en esta actividad participar\u00e1n 25 establecimientos comerciales que ofrecer\u00e1n diversas promociones y descuentos, con el objetivo de que las y los meoquenses puedan adquirir el regalo ideal para celebrar a mam\u00e1 a precios accesibles.<\/p>\n\n\n\n<p>\u201cDesarrollamos este evento con la finalidad de que la gente pueda encontrar ese detalle especial para las mam\u00e1s de la regi\u00f3n, aprovechando los descuentos y promociones que estar\u00e1n disponibles\u201d, expres\u00f3.<\/p>\n\n\n\n<p>Asimismo, destac\u00f3 que se contar\u00e1 con la participaci\u00f3n de m\u00e1s de 30 emprendedores locales y regionales, gracias al trabajo coordinado con la Secretar\u00eda de Desarrollo Humano y Bien Com\u00fan del Gobierno del Estado, a quienes agradeci\u00f3 por atender las gestiones de la alcaldesa Miriam Soto para impulsar este tipo de iniciativas en beneficio de la econom\u00eda local.<\/p>\n\n\n\n<p><\/p>\n","protected":false},"excerpt":{"rendered":"<p>Participar\u00e1n 25 comercios con descuentos y m\u00e1s de 30 emprendedores de la regi\u00f3n El Gobierno Municipal de Meoqui, a trav\u00e9s de la Direcci\u00f3n de Desarrollo Econ\u00f3mico y Turismo, invita a la ciudadan\u00eda a asistir a la Mega Venta del D\u00eda de las Madres, que se llevar\u00e1 a cabo el pr\u00f3ximo s\u00e1bado 2 de mayo a [&hellip;]<\/p>\n","protected":false},"author":11,"featured_media":131267,"comment_status":"open","ping_status":"open","sticky":false,"template":"","format":"standard","meta":{"footnotes":""},"categories":[176],"tags":[],"class_list":{"0":"post-131266","1":"post","2":"type-post","3":"status-publish","4":"format-standard","5":"has-post-thumbnail","7":"category-locales"},"aioseo_notices":[],"_links":{"self":[{"href":"https:\/\/rutavallesmata.mx\/nuevo\/wp-json\/wp\/v2\/posts\/131266","targetHints":{"allow":["GET"]}}],"collection":[{"href":"https:\/\/rutavallesmata.mx\/nuevo\/wp-json\/wp\/v2\/posts"}],"about":[{"href":"https:\/\/rutavallesmata.mx\/nuevo\/wp-json\/wp\/v2\/types\/post"}],"author":[{"embeddable":true,"href":"https:\/\/rutavallesmata.mx\/nuevo\/wp-json\/wp\/v2\/users\/11"}],"replies":[{"embeddable":true,"href":"https:\/\/rutavallesmata.mx\/nuevo\/wp-json\/wp\/v2\/comments?post=131266"}],"version-history":[{"count":1,"href":"https:\/\/rutavallesmata.mx\/nuevo\/wp-json\/wp\/v2\/posts\/131266\/revisions"}],"predecessor-version":[{"id":131268,"href":"https:\/\/rutavallesmata.mx\/nuevo\/wp-json\/wp\/v2\/posts\/131266\/revisions\/131268"}],"wp:featuredmedia":[{"embeddable":true,"href":"https:\/\/rutavallesmata.mx\/nuevo\/wp-json\/wp\/v2\/media\/131267"}],"wp:attachment":[{"href":"https:\/\/rutavallesmata.mx\/nuevo\/wp-json\/wp\/v2\/media?parent=131266"}],"wp:term":[{"taxonomy":"category","embeddable":true,"href":"https:\/\/rutavallesmata.mx\/nuevo\/wp-json\/wp\/v2\/categories?post=131266"},{"taxonomy":"post_tag","embeddable":true,"href":"https:\/\/rutavallesmata.mx\/nuevo\/wp-json\/wp\/v2\/tags?post=131266"}],"curies":[{"name":"wp","href":"https:\/\/api.w.org\/{rel}","templated":true}]}}